{"id":55152,"date":"2025-09-16T11:14:51","date_gmt":"2025-09-16T08:14:51","guid":{"rendered":"https:\/\/www.egemtv.com\/?p=55152"},"modified":"2025-09-16T11:14:52","modified_gmt":"2025-09-16T08:14:52","slug":"ak-partili-cankiridan-izmir-buyuksehire-cagri-yetkiyi-verin-ihmale-son-verelim","status":"publish","type":"post","link":"https:\/\/www.egemtv.com\/?p=55152","title":{"rendered":"AK Partili \u00c7ank\u0131r\u0131\u2019dan \u0130zmir B\u00fcy\u00fck\u015fehire \u00e7a\u011fr\u0131: &#8220;Yetkiyi verin ihmale son verelim&#8221;"},"content":{"rendered":"<p>AK Parti \u0130zmir Milletvekili Ceyda B\u00f6l\u00fcnmez \u00c7ank\u0131r\u0131, Alia\u011fa\u2019da \u0130zmir B\u00fcy\u00fck\u015fehir Belediyesine yap\u0131lan altyap\u0131 yetki talebinin ard\u0131ndan, \u00c7anakkale\u2013Yeni Fo\u00e7a aras\u0131ndaki yol i\u00e7in de yetki devrini g\u00fcndeme ta\u015f\u0131d\u0131. \u00c7ank\u0131r\u0131, &#8220;Alia\u011fa haz\u0131r, yetkiyi verin; hem altyap\u0131 hem yol \u00e7ilesi sona ersin&#8221; diye konu\u015ftu.<br \/>\n<br \/>Alia\u011fa\u2019da \u00e7e\u015fitli temaslarda bulunan AK Partili \u00c7ank\u0131r\u0131, Belediye Ba\u015fkan\u0131 Serkan Acar ile bir araya geldi. G\u00f6r\u00fc\u015fmede il\u00e7enin kangrene d\u00f6n\u00fc\u015fen altyap\u0131 ve ula\u015f\u0131m sorunlar\u0131 masaya yat\u0131r\u0131ld\u0131. Ba\u015fkan Acar, \u00f6zellikle turistik Yeni \u015eakran\u2019\u0131n y\u0131llard\u0131r \u00e7\u00f6z\u00fclemeyen kanalizasyon meselesine dikkat \u00e7ekerek \u0130ZSU\u2019dan resmi yetki devri istediklerini ve s\u00fcrecin takip\u00e7isi olduklar\u0131n\u0131 belirtti. Milletvekili \u00c7ank\u0131r\u0131 ise, \u0130zmir B\u00fcy\u00fck\u015fehir Belediyesinin 15 y\u0131ld\u0131r tek bir \u00e7ivi \u00e7akmad\u0131\u011f\u0131n\u0131 vurgulayarak \u00c7anakkale\u2013Yeni Fo\u00e7a aras\u0131ndaki yakla\u015f\u0131k 4 kilometrelik yolun bak\u0131m ve onar\u0131m\u0131 i\u00e7in de yetki istedi. \u00c7ank\u0131r\u0131, &#8220;Tek gidi\u015f\u2013tek geli\u015f kullan\u0131lan bu yol, a\u011f\u0131r tonajl\u0131 kamyonlardan \u00c7akmakl\u0131-Horoz Gedi\u011fi- Kozbeyli ve Gencerli\u2019den Alia\u011fa\u2019ya gitmek isyen \u00f6\u011frenci servislerine kadar binlerce arac\u0131n can g\u00fcvenli\u011fini tehdit ediyor. \u00c7ukurlarla dolu yol adeta \u2018kazaya davetiye\u2019 \u00e7\u0131kar\u0131yor&#8221; dedi.<\/p>\n<p>&#8220;Ate\u015f bacay\u0131 sard\u0131ktan sonra \u00e7\u00f6z\u00fcm aranmaz&#8221;<br \/>\n<br \/>B\u00fcy\u00fck\u015fehir y\u00f6netimini &#8220;sorunlar\u0131 hal\u0131n\u0131n alt\u0131na s\u00fcp\u00fcrmekle&#8221; ele\u015ftiren \u00c7ank\u0131r\u0131 \u015fu ifadeleri kulland\u0131: &#8220;Vatanda\u015f\u0131m\u0131z\u0131n can\u0131 her g\u00fcn bu yolda pamuk ipli\u011fine ba\u011fl\u0131yken, 15 y\u0131ld\u0131r tek bir ad\u0131m atmayan bir belediye var. E\u011fer \u0130zmir B\u00fcy\u00fck\u015fehir bu yolu yapam\u0131yorsa, bahaneyi bir kenara b\u0131rak\u0131p yetkiyi derhal Alia\u011fa Belediyesi\u2019ne devretsin. Biz haz\u0131r\u0131z. Yetkiyi verin ihmale son verelim. \u0130zmir halk\u0131 hizmet beklerken, B\u00fcy\u00fck\u015fehir\u2019in i\u015fi a\u011f\u0131rdan almas\u0131 \u2018ate\u015f bacay\u0131 sard\u0131ktan sonra\u2019 \u00e7\u00f6z\u00fcm aramakt\u0131r. Bu anlay\u0131\u015f\u0131 kabul etmiyoruz. \u0130zmir\u2019in her il\u00e7esinde sorunlar da\u011f gibi y\u0131\u011f\u0131lm\u0131\u015f. Ne yaz\u0131k ki B\u00fcy\u00fck\u015fehir \u00e7\u00f6z\u00fcm \u00fcretmek yerine s\u00fcrekli mazeret \u00fcretiyor.&#8221;<br \/><\/p>\n","protected":false},"excerpt":{"rendered":"<p>AK Parti \u0130zmir Milletvekili Ceyda B\u00f6l\u00fcnmez \u00c7ank\u0131r\u0131, Alia\u011fa\u2019da \u0130zmir B\u00fcy\u00fck\u015fehir Belediyesine yap\u0131lan altyap\u0131 yetki talebinin ard\u0131ndan, \u00c7anakkale\u2013Yeni Fo\u00e7a aras\u0131ndaki yol i\u00e7in de yetki devrini g\u00fcndeme ta\u015f\u0131d\u0131. \u00c7ank\u0131r\u0131, &#8220;Alia\u011fa haz\u0131r, yetkiyi verin; hem altyap\u0131 hem yol \u00e7ilesi sona ersin&#8221; diye konu\u015ftu. Alia\u011fa\u2019da \u00e7e\u015fitli temaslarda bulunan AK Partili \u00c7ank\u0131r\u0131, Belediye Ba\u015fkan\u0131 Serkan Acar ile bir araya geldi&#8230;.<\/p>\n","protected":false},"author":1,"featured_media":55153,"comment_status":"open","ping_status":"open","sticky":false,"template":"","format":"standard","meta":{"_crdt_document":"","footnotes":""},"categories":[127],"tags":[],"class_list":["post-55152","post","type-post","status-publish","format-standard","has-post-thumbnail","hentry","category-siyaset"],"_links":{"self":[{"href":"https:\/\/www.egemtv.com\/index.php?rest_route=\/wp\/v2\/posts\/55152","targetHints":{"allow":["GET"]}}],"collection":[{"href":"https:\/\/www.egemtv.com\/index.php?rest_route=\/wp\/v2\/posts"}],"about":[{"href":"https:\/\/www.egemtv.com\/index.php?rest_route=\/wp\/v2\/types\/post"}],"author":[{"embeddable":true,"href":"https:\/\/www.egemtv.com\/index.php?rest_route=\/wp\/v2\/users\/1"}],"replies":[{"embeddable":true,"href":"https:\/\/www.egemtv.com\/index.php?rest_route=%2Fwp%2Fv2%2Fcomments&post=55152"}],"version-history":[{"count":1,"href":"https:\/\/www.egemtv.com\/index.php?rest_route=\/wp\/v2\/posts\/55152\/revisions"}],"predecessor-version":[{"id":55154,"href":"https:\/\/www.egemtv.com\/index.php?rest_route=\/wp\/v2\/posts\/55152\/revisions\/55154"}],"wp:featuredmedia":[{"embeddable":true,"href":"https:\/\/www.egemtv.com\/index.php?rest_route=\/wp\/v2\/media\/55153"}],"wp:attachment":[{"href":"https:\/\/www.egemtv.com\/index.php?rest_route=%2Fwp%2Fv2%2Fmedia&parent=55152"}],"wp:term":[{"taxonomy":"category","embeddable":true,"href":"https:\/\/www.egemtv.com\/index.php?rest_route=%2Fwp%2Fv2%2Fcategories&post=55152"},{"taxonomy":"post_tag","embeddable":true,"href":"https:\/\/www.egemtv.com\/index.php?rest_route=%2Fwp%2Fv2%2Ftags&post=55152"}],"curies":[{"name":"wp","href":"https:\/\/api.w.org\/{rel}","templated":true}]}}