{"id":55143,"date":"2025-09-16T11:14:47","date_gmt":"2025-09-16T08:14:47","guid":{"rendered":"https:\/\/www.egemtv.com\/?p=55143"},"modified":"2025-09-16T11:14:48","modified_gmt":"2025-09-16T08:14:48","slug":"baba-abdullah-cifte-mutluluk-yasadi","status":"publish","type":"post","link":"https:\/\/www.egemtv.com\/?p=55143","title":{"rendered":"Baba Abdullah \u00e7ifte mutluluk ya\u015fad\u0131"},"content":{"rendered":"<p>Bozdo\u011fan Yaz\u0131kent Mahallesi\u2019nde ya\u015fayan Abdullah kar\u0131ncal\u0131, k\u00f6y\u00fcn\u00fcn en \u00f6nemli ihtiyac\u0131 olan sosyal tesis sorunun \u00e7\u00f6z\u00fclmesi i\u00e7in kendisine ait bir araziyi Bozdo\u011fan Belediyesi\u2019ne ba\u011f\u0131\u015flad\u0131. Hay\u0131rsever vatanda\u015f\u0131n talebi do\u011frultusunda Bozdo\u011fan Belediye Ba\u015fkan\u0131 Galip \u00d6zel, bu alan\u0131 k\u0131sa s\u00fcrede sosyal tesis ve d\u00fc\u011f\u00fcn salonu yapt\u0131. D\u00fc\u011f\u00fcn ve sosyal tesis alan\u0131 Abdullah Kar\u0131ncal\u0131\u2019n\u0131n k\u0131z\u0131 Zehra\u2019n\u0131n d\u00fc\u011f\u00fcn t\u00f6reni ile a\u00e7\u0131larak hizmete ba\u015flad\u0131.<br \/>\n<br \/>K\u00f6yl\u00fcler te\u015fekk\u00fcr etti<br \/>\n<br \/>K\u00f6y\u00fcn en \u00f6nemli ihtiya\u00e7lar\u0131ndan birinin de sosyal tesis oldu\u011funu belirten Yaz\u0131ken Mahallesi sakinleri &#8220;S\u00fcnnetli Mevkii\u2019nde b\u00f6ylesi bir alan \u00e7ok ihtiya\u00e7 vard\u0131. K\u00f6yl\u00fcm\u00fcz kendisine ait bu araziyi ba\u011f\u0131\u015flad\u0131. Bozdo\u011fan Belediye Ba\u015fkan\u0131m\u0131z Galip \u00d6zel de buray\u0131 d\u00fc\u011f\u00fcn salonu ve sosyal tesise d\u00f6n\u00fc\u015ft\u00fcrd\u00fc. Hem ba\u011f\u0131\u015f\u0131 yapan k\u00f6yl\u00fcm\u00fcze hem de Belediye Ba\u015fkan\u0131m\u0131za te\u015fekk\u00fcr ediyoruz. Art\u0131k t\u00f6renlerimizi rahat rahat yapaca\u011f\u0131z. \u00d6yle bir rastlant\u0131 oldu ki, sosyal alanda ilk d\u00fc\u011f\u00fcn de ba\u011f\u0131\u015f\u0131 yapan Abdullah Kar\u0131ncal\u0131\u2019n\u0131n k\u0131z\u0131 Zehra-Samet \u00e7iftinin d\u00fc\u011f\u00fcn\u00fc oldu&#8221; diye konu\u015ftular.<br \/><\/p>\n","protected":false},"excerpt":{"rendered":"<p>Bozdo\u011fan Yaz\u0131kent Mahallesi\u2019nde ya\u015fayan Abdullah kar\u0131ncal\u0131, k\u00f6y\u00fcn\u00fcn en \u00f6nemli ihtiyac\u0131 olan sosyal tesis sorunun \u00e7\u00f6z\u00fclmesi i\u00e7in kendisine ait bir araziyi Bozdo\u011fan Belediyesi\u2019ne ba\u011f\u0131\u015flad\u0131. Hay\u0131rsever vatanda\u015f\u0131n talebi do\u011frultusunda Bozdo\u011fan Belediye Ba\u015fkan\u0131 Galip \u00d6zel, bu alan\u0131 k\u0131sa s\u00fcrede sosyal tesis ve d\u00fc\u011f\u00fcn salonu yapt\u0131. D\u00fc\u011f\u00fcn ve sosyal tesis alan\u0131 Abdullah Kar\u0131ncal\u0131\u2019n\u0131n k\u0131z\u0131 Zehra\u2019n\u0131n d\u00fc\u011f\u00fcn t\u00f6reni ile a\u00e7\u0131larak&#8230;<\/p>\n","protected":false},"author":1,"featured_media":55144,"comment_status":"open","ping_status":"open","sticky":false,"template":"","format":"standard","meta":{"_crdt_document":"","footnotes":""},"categories":[123],"tags":[],"class_list":["post-55143","post","type-post","status-publish","format-standard","has-post-thumbnail","hentry","category-gundem"],"_links":{"self":[{"href":"https:\/\/www.egemtv.com\/index.php?rest_route=\/wp\/v2\/posts\/55143","targetHints":{"allow":["GET"]}}],"collection":[{"href":"https:\/\/www.egemtv.com\/index.php?rest_route=\/wp\/v2\/posts"}],"about":[{"href":"https:\/\/www.egemtv.com\/index.php?rest_route=\/wp\/v2\/types\/post"}],"author":[{"embeddable":true,"href":"https:\/\/www.egemtv.com\/index.php?rest_route=\/wp\/v2\/users\/1"}],"replies":[{"embeddable":true,"href":"https:\/\/www.egemtv.com\/index.php?rest_route=%2Fwp%2Fv2%2Fcomments&post=55143"}],"version-history":[{"count":1,"href":"https:\/\/www.egemtv.com\/index.php?rest_route=\/wp\/v2\/posts\/55143\/revisions"}],"predecessor-version":[{"id":55145,"href":"https:\/\/www.egemtv.com\/index.php?rest_route=\/wp\/v2\/posts\/55143\/revisions\/55145"}],"wp:featuredmedia":[{"embeddable":true,"href":"https:\/\/www.egemtv.com\/index.php?rest_route=\/wp\/v2\/media\/55144"}],"wp:attachment":[{"href":"https:\/\/www.egemtv.com\/index.php?rest_route=%2Fwp%2Fv2%2Fmedia&parent=55143"}],"wp:term":[{"taxonomy":"category","embeddable":true,"href":"https:\/\/www.egemtv.com\/index.php?rest_route=%2Fwp%2Fv2%2Fcategories&post=55143"},{"taxonomy":"post_tag","embeddable":true,"href":"https:\/\/www.egemtv.com\/index.php?rest_route=%2Fwp%2Fv2%2Ftags&post=55143"}],"curies":[{"name":"wp","href":"https:\/\/api.w.org\/{rel}","templated":true}]}}