{"id":55137,"date":"2025-09-16T10:54:44","date_gmt":"2025-09-16T07:54:44","guid":{"rendered":"https:\/\/www.egemtv.com\/?p=55137"},"modified":"2025-09-16T10:54:45","modified_gmt":"2025-09-16T07:54:45","slug":"aydinda-incir-depolari-denetlendi","status":"publish","type":"post","link":"https:\/\/www.egemtv.com\/?p=55137","title":{"rendered":"Ayd\u0131n\u2019da incir depolar\u0131 denetlendi"},"content":{"rendered":"<p>Ayd\u0131n \u0130ncirinin kalitesinin korunmas\u0131 amac\u0131yla il genelinde denetim ve incelemeler s\u00fcr\u00fcyor.<br \/>\n<br \/>Ayd\u0131n\u2019\u0131n en de\u011ferli tar\u0131m \u00fcr\u00fcnlerinden biri olan, AB Tescilli Co\u011frafi \u0130\u015faretli Ayd\u0131n \u0130nciri\u2019nin, d\u00fcnya pazar\u0131ndaki yerini ve de\u011feri korumak ve kalitesini g\u00fcvence alt\u0131na almak amac\u0131yla denetimler aral\u0131ks\u0131z devam ediyor.<br \/>\n<br \/>\u0130l Tar\u0131m ve Orman M\u00fcd\u00fcr\u00fc Ayhan Temiz, Nazilli\u2019de ger\u00e7ekle\u015ftirdi\u011fi program kapsam\u0131nda incir depolar\u0131nda incelemelerde bulundu. \u0130l Tar\u0131m ve Orman M\u00fcd\u00fcrl\u00fc\u011f\u00fc\u2019nden yap\u0131lan a\u00e7\u0131klamada, Denetimlerde ana hedefimiz, halk sa\u011fl\u0131\u011f\u0131n\u0131 korumak, ihracatta kar\u015f\u0131la\u015f\u0131labilecek sorunlar\u0131n \u00f6n\u00fcne ge\u00e7mek, aflatoksin ve okratoksin gibi zararl\u0131 k\u00fcf toksinlerinin olu\u015fumunu engellemek. \u0130l\u00e7e M\u00fcd\u00fcr\u00fc Sunay G\u00fcler ve teknik personelin de e\u015flik etti\u011fi incelemelerde, depolarda bulunan incirlerin saklama \u015fartlar\u0131, hijyen durumu ve depolama standartlar\u0131 titizlikle kontrol edildi. Bu \u00e7al\u0131\u015fmalar sayesinde Ayd\u0131n \u0130nciri\u2019nin hem yurt i\u00e7inde hem de uluslararas\u0131 pazarda hak etti\u011fi de\u011feri g\u00f6rmeye devam etmesi hedeflenmektedir. \u0130l Tar\u0131m ve Orman M\u00fcd\u00fcrl\u00fc\u011f\u00fc olarak; \u00fcreticilerimizin eme\u011fini korumak ve t\u00fcketicilerimizin sofralar\u0131na g\u00fcvenle ula\u015facak \u00fcr\u00fcnler sunmak i\u00e7in denetimlerimizi s\u00fcrd\u00fcrece\u011fiz&#8221; denildi.<br \/><\/p>\n","protected":false},"excerpt":{"rendered":"<p>Ayd\u0131n \u0130ncirinin kalitesinin korunmas\u0131 amac\u0131yla il genelinde denetim ve incelemeler s\u00fcr\u00fcyor. Ayd\u0131n\u2019\u0131n en de\u011ferli tar\u0131m \u00fcr\u00fcnlerinden biri olan, AB Tescilli Co\u011frafi \u0130\u015faretli Ayd\u0131n \u0130nciri\u2019nin, d\u00fcnya pazar\u0131ndaki yerini ve de\u011feri korumak ve kalitesini g\u00fcvence alt\u0131na almak amac\u0131yla denetimler aral\u0131ks\u0131z devam ediyor. \u0130l Tar\u0131m ve Orman M\u00fcd\u00fcr\u00fc Ayhan Temiz, Nazilli\u2019de ger\u00e7ekle\u015ftirdi\u011fi program kapsam\u0131nda incir depolar\u0131nda incelemelerde bulundu&#8230;.<\/p>\n","protected":false},"author":1,"featured_media":55138,"comment_status":"open","ping_status":"open","sticky":false,"template":"","format":"standard","meta":{"_crdt_document":"","footnotes":""},"categories":[1],"tags":[],"class_list":["post-55137","post","type-post","status-publish","format-standard","has-post-thumbnail","hentry","category-guncel"],"_links":{"self":[{"href":"https:\/\/www.egemtv.com\/index.php?rest_route=\/wp\/v2\/posts\/55137","targetHints":{"allow":["GET"]}}],"collection":[{"href":"https:\/\/www.egemtv.com\/index.php?rest_route=\/wp\/v2\/posts"}],"about":[{"href":"https:\/\/www.egemtv.com\/index.php?rest_route=\/wp\/v2\/types\/post"}],"author":[{"embeddable":true,"href":"https:\/\/www.egemtv.com\/index.php?rest_route=\/wp\/v2\/users\/1"}],"replies":[{"embeddable":true,"href":"https:\/\/www.egemtv.com\/index.php?rest_route=%2Fwp%2Fv2%2Fcomments&post=55137"}],"version-history":[{"count":1,"href":"https:\/\/www.egemtv.com\/index.php?rest_route=\/wp\/v2\/posts\/55137\/revisions"}],"predecessor-version":[{"id":55139,"href":"https:\/\/www.egemtv.com\/index.php?rest_route=\/wp\/v2\/posts\/55137\/revisions\/55139"}],"wp:featuredmedia":[{"embeddable":true,"href":"https:\/\/www.egemtv.com\/index.php?rest_route=\/wp\/v2\/media\/55138"}],"wp:attachment":[{"href":"https:\/\/www.egemtv.com\/index.php?rest_route=%2Fwp%2Fv2%2Fmedia&parent=55137"}],"wp:term":[{"taxonomy":"category","embeddable":true,"href":"https:\/\/www.egemtv.com\/index.php?rest_route=%2Fwp%2Fv2%2Fcategories&post=55137"},{"taxonomy":"post_tag","embeddable":true,"href":"https:\/\/www.egemtv.com\/index.php?rest_route=%2Fwp%2Fv2%2Ftags&post=55137"}],"curies":[{"name":"wp","href":"https:\/\/api.w.org\/{rel}","templated":true}]}}