{"id":55134,"date":"2025-09-16T10:54:43","date_gmt":"2025-09-16T07:54:43","guid":{"rendered":"https:\/\/www.egemtv.com\/?p=55134"},"modified":"2025-09-16T10:54:44","modified_gmt":"2025-09-16T07:54:44","slug":"karsiyaka-kupada-tur-pesinde","status":"publish","type":"post","link":"https:\/\/www.egemtv.com\/?p=55134","title":{"rendered":"Kar\u015f\u0131yaka, kupada tur pe\u015finde"},"content":{"rendered":"<p>Kar\u015f\u0131yaka, Ziraat T\u00fcrkiye Kupas\u0131 2. Turu\u2019nda yar\u0131n Bursa Y\u0131ld\u0131r\u0131mspor\u2019u konuk edecek.<br \/>\n<br \/>TFF 3. Lig 4. Grup ekiplerinden Kar\u015f\u0131yaka, Ziraat T\u00fcrkiye Kupas\u0131 2. Turu\u2019nda yar\u0131n Bursa Y\u0131ld\u0131r\u0131mspor\u2019la i\u00e7 sahada kar\u015f\u0131 kar\u015f\u0131ya gelecek. Alsancak Mustafa Denizli Stadyumu\u2019nda oynanacak m\u00fcsabaka saat 19.00\u2019da ba\u015flayacak. \u0130zmir ekibi, kupada ilk ma\u00e7\u0131na \u00e7\u0131kmaya haz\u0131rlan\u0131rken, Bursa ekibi ise 1. Tur\u2019da bir di\u011fer \u0130zmir temsilcisi olan Altay\u2019\u0131 eledikten sonra ikinci ma\u00e7\u0131na \u00e7\u0131kmaya haz\u0131rlan\u0131yor.<br \/>\n<br \/>M\u00fccadele \u00f6ncesinde Kar\u015f\u0131yaka, bu sezon TFF 3. Lig 4. Grup\u2019ta oynad\u0131\u011f\u0131 2 ma\u00e7ta 2 galibiyet elde ederken, Bursa Y\u0131ld\u0131r\u0131mspor da TFF 3. Lig 1. Grup\u2019ta 1 galibiyet ve 1 beraberli\u011fe imza att\u0131.<br \/>\n<br \/>Kupada yoluna devam etmek isteyen iki ekipte bu zorlu m\u00fccadeleyi kazanarak bir \u00fcst tura y\u00fckselmek istiyor.<\/p>\n<p>&#8220;Kupada ilerlemek istiyoruz&#8221;<br \/>\n<br \/>Kar\u015f\u0131yaka Teknik Direkt\u00f6r\u00fc Burhanettin Basatem\u00fcr de kupada ilerlemek istediklerini ifade ederek, &#8220;25-26 ki\u015filik kadromuz var. E\u011fer kupada ilerleyebilirsek, t\u00fcm oyuncular\u0131m\u0131z\u0131 resmi ma\u00e7larda oynatma \u015fans\u0131m\u0131z da olacak. Bu oyuncular i\u00e7in de g\u00fczel bir \u015fey. Herkesi haz\u0131r tutma ad\u0131na da g\u00fczel bir \u015fey. Yani bu ama\u00e7la, bu d\u00fc\u015f\u00fcnceden dolay\u0131 kupada turu ge\u00e7mek istiyoruz&#8221; diye konu\u015ftu.<br \/><\/p>\n","protected":false},"excerpt":{"rendered":"<p>Kar\u015f\u0131yaka, Ziraat T\u00fcrkiye Kupas\u0131 2. Turu\u2019nda yar\u0131n Bursa Y\u0131ld\u0131r\u0131mspor\u2019u konuk edecek. TFF 3. Lig 4. Grup ekiplerinden Kar\u015f\u0131yaka, Ziraat T\u00fcrkiye Kupas\u0131 2. Turu\u2019nda yar\u0131n Bursa Y\u0131ld\u0131r\u0131mspor\u2019la i\u00e7 sahada kar\u015f\u0131 kar\u015f\u0131ya gelecek. Alsancak Mustafa Denizli Stadyumu\u2019nda oynanacak m\u00fcsabaka saat 19.00\u2019da ba\u015flayacak. \u0130zmir ekibi, kupada ilk ma\u00e7\u0131na \u00e7\u0131kmaya haz\u0131rlan\u0131rken, Bursa ekibi ise 1. Tur\u2019da bir di\u011fer \u0130zmir&#8230;<\/p>\n","protected":false},"author":1,"featured_media":55135,"comment_status":"open","ping_status":"open","sticky":false,"template":"","format":"standard","meta":{"_crdt_document":"","footnotes":""},"categories":[4],"tags":[],"class_list":["post-55134","post","type-post","status-publish","format-standard","has-post-thumbnail","hentry","category-spor"],"_links":{"self":[{"href":"https:\/\/www.egemtv.com\/index.php?rest_route=\/wp\/v2\/posts\/55134","targetHints":{"allow":["GET"]}}],"collection":[{"href":"https:\/\/www.egemtv.com\/index.php?rest_route=\/wp\/v2\/posts"}],"about":[{"href":"https:\/\/www.egemtv.com\/index.php?rest_route=\/wp\/v2\/types\/post"}],"author":[{"embeddable":true,"href":"https:\/\/www.egemtv.com\/index.php?rest_route=\/wp\/v2\/users\/1"}],"replies":[{"embeddable":true,"href":"https:\/\/www.egemtv.com\/index.php?rest_route=%2Fwp%2Fv2%2Fcomments&post=55134"}],"version-history":[{"count":1,"href":"https:\/\/www.egemtv.com\/index.php?rest_route=\/wp\/v2\/posts\/55134\/revisions"}],"predecessor-version":[{"id":55136,"href":"https:\/\/www.egemtv.com\/index.php?rest_route=\/wp\/v2\/posts\/55134\/revisions\/55136"}],"wp:featuredmedia":[{"embeddable":true,"href":"https:\/\/www.egemtv.com\/index.php?rest_route=\/wp\/v2\/media\/55135"}],"wp:attachment":[{"href":"https:\/\/www.egemtv.com\/index.php?rest_route=%2Fwp%2Fv2%2Fmedia&parent=55134"}],"wp:term":[{"taxonomy":"category","embeddable":true,"href":"https:\/\/www.egemtv.com\/index.php?rest_route=%2Fwp%2Fv2%2Fcategories&post=55134"},{"taxonomy":"post_tag","embeddable":true,"href":"https:\/\/www.egemtv.com\/index.php?rest_route=%2Fwp%2Fv2%2Ftags&post=55134"}],"curies":[{"name":"wp","href":"https:\/\/api.w.org\/{rel}","templated":true}]}}