{"id":55131,"date":"2025-09-16T10:35:01","date_gmt":"2025-09-16T07:35:01","guid":{"rendered":"https:\/\/www.egemtv.com\/?p=55131"},"modified":"2025-09-16T10:35:02","modified_gmt":"2025-09-16T07:35:02","slug":"duyarsiz-vatandaslar-yol-kenarlarini-copluge-cevirdi","status":"publish","type":"post","link":"https:\/\/www.egemtv.com\/?p=55131","title":{"rendered":"Duyars\u0131z vatanda\u015flar yol kenarlar\u0131n\u0131 \u00e7\u00f6pl\u00fc\u011fe \u00e7evirdi"},"content":{"rendered":"<p>Ayd\u0131n-Mu\u011fla Karayolu \u00fczeri Dalama yol ayr\u0131m\u0131 kav\u015fa\u011f\u0131 \u00e7evresinde duyars\u0131z s\u00fcr\u00fcc\u00fcler ve vatanda\u015flar taraf\u0131ndan at\u0131lan \u00e7e\u015fitli at\u0131klar ile d\u00f6k\u00fclen molozlar, yol kenar\u0131n\u0131 adeta \u00e7\u00f6pl\u00fc\u011fe \u00e7evirerek \u00e7evre kirlili\u011fine neden oluyor.<\/p>\n<p>Ayd\u0131n-Karayolunun farkl\u0131 noktalar\u0131nda plastik, cam, evsel at\u0131klar ve geli\u015fi g\u00fczel b\u0131rak\u0131lan in\u015faat molozlar\u0131n\u0131n olu\u015fturdu\u011fu kirlilik do\u011faya zarar veriyor.  \u00d6zellikle Dalama yol ayr\u0131m\u0131 kav\u015fa\u011f\u0131 \u00e7evresinde yo\u011funla\u015ft\u0131\u011f\u0131 g\u00f6zlenen at\u0131klar tepki topluyor. At\u0131klar\u0131n sadece g\u00f6r\u00fcnt\u00fc kirlili\u011fi de\u011fil ayn\u0131 zamanda ciddi bir tehlike olu\u015fturdu\u011funu ifade eden vatanda\u015flar, cam \u015fi\u015feler ve yan\u0131c\u0131 at\u0131klar\u0131n yang\u0131nlara da sebep olabilece\u011fi hat\u0131rlatarak \u00e7\u00f6pl\u00fc\u011fe and\u0131ran yol kenarlar\u0131 i\u00e7in yetkililerin denetimleri art\u0131rmas\u0131n\u0131 istedi. \u00c7evreye at\u0131lan at\u0131klar\u0131n hem do\u011faya hem de insan sa\u011fl\u0131\u011f\u0131na zarar verdi\u011fini vurgulayan vatanda\u015flar, duyars\u0131z ki\u015filere kar\u015f\u0131 cayd\u0131r\u0131c\u0131 \u00f6nlemler al\u0131narak cezai yapt\u0131r\u0131mlar\u0131n uygulanmas\u0131n\u0131 talep etti.<br \/><\/p>\n","protected":false},"excerpt":{"rendered":"<p>Ayd\u0131n-Mu\u011fla Karayolu \u00fczeri Dalama yol ayr\u0131m\u0131 kav\u015fa\u011f\u0131 \u00e7evresinde duyars\u0131z s\u00fcr\u00fcc\u00fcler ve vatanda\u015flar taraf\u0131ndan at\u0131lan \u00e7e\u015fitli at\u0131klar ile d\u00f6k\u00fclen molozlar, yol kenar\u0131n\u0131 adeta \u00e7\u00f6pl\u00fc\u011fe \u00e7evirerek \u00e7evre kirlili\u011fine neden oluyor. Ayd\u0131n-Karayolunun farkl\u0131 noktalar\u0131nda plastik, cam, evsel at\u0131klar ve geli\u015fi g\u00fczel b\u0131rak\u0131lan in\u015faat molozlar\u0131n\u0131n olu\u015fturdu\u011fu kirlilik do\u011faya zarar veriyor. \u00d6zellikle Dalama yol ayr\u0131m\u0131 kav\u015fa\u011f\u0131 \u00e7evresinde yo\u011funla\u015ft\u0131\u011f\u0131 g\u00f6zlenen at\u0131klar&#8230;<\/p>\n","protected":false},"author":1,"featured_media":55132,"comment_status":"open","ping_status":"open","sticky":false,"template":"","format":"standard","meta":{"_crdt_document":"","footnotes":""},"categories":[1],"tags":[],"class_list":["post-55131","post","type-post","status-publish","format-standard","has-post-thumbnail","hentry","category-guncel"],"_links":{"self":[{"href":"https:\/\/www.egemtv.com\/index.php?rest_route=\/wp\/v2\/posts\/55131","targetHints":{"allow":["GET"]}}],"collection":[{"href":"https:\/\/www.egemtv.com\/index.php?rest_route=\/wp\/v2\/posts"}],"about":[{"href":"https:\/\/www.egemtv.com\/index.php?rest_route=\/wp\/v2\/types\/post"}],"author":[{"embeddable":true,"href":"https:\/\/www.egemtv.com\/index.php?rest_route=\/wp\/v2\/users\/1"}],"replies":[{"embeddable":true,"href":"https:\/\/www.egemtv.com\/index.php?rest_route=%2Fwp%2Fv2%2Fcomments&post=55131"}],"version-history":[{"count":1,"href":"https:\/\/www.egemtv.com\/index.php?rest_route=\/wp\/v2\/posts\/55131\/revisions"}],"predecessor-version":[{"id":55133,"href":"https:\/\/www.egemtv.com\/index.php?rest_route=\/wp\/v2\/posts\/55131\/revisions\/55133"}],"wp:featuredmedia":[{"embeddable":true,"href":"https:\/\/www.egemtv.com\/index.php?rest_route=\/wp\/v2\/media\/55132"}],"wp:attachment":[{"href":"https:\/\/www.egemtv.com\/index.php?rest_route=%2Fwp%2Fv2%2Fmedia&parent=55131"}],"wp:term":[{"taxonomy":"category","embeddable":true,"href":"https:\/\/www.egemtv.com\/index.php?rest_route=%2Fwp%2Fv2%2Fcategories&post=55131"},{"taxonomy":"post_tag","embeddable":true,"href":"https:\/\/www.egemtv.com\/index.php?rest_route=%2Fwp%2Fv2%2Ftags&post=55131"}],"curies":[{"name":"wp","href":"https:\/\/api.w.org\/{rel}","templated":true}]}}