{"id":55125,"date":"2025-09-16T10:34:59","date_gmt":"2025-09-16T07:34:59","guid":{"rendered":"https:\/\/www.egemtv.com\/?p=55125"},"modified":"2025-09-16T10:35:00","modified_gmt":"2025-09-16T07:35:00","slug":"kutahyada-amator-futbol-heyecani","status":"publish","type":"post","link":"https:\/\/www.egemtv.com\/?p=55125","title":{"rendered":"K\u00fctahya\u2019da amat\u00f6r futbol heyecan\u0131"},"content":{"rendered":"<p>K\u00fctahya\u2019da Merkez S\u00fcper Amat\u00f6r ve 1. Amat\u00f6r Grup tak\u0131mlar\u0131n\u0131n antrenman sahas\u0131 ve saatleri kur\u2019a \u00e7ekimi, Dumlup\u0131nar Spor Salonu Gen\u00e7 Ofis\u2019te ger\u00e7ekle\u015ftirildi.<br \/>\n<br \/>Ger\u00e7ekle\u015ftirilen kur\u2019a \u00e7ekiminin ard\u0131ndan tak\u0131mlar\u0131n yeni sezon haz\u0131rl\u0131k s\u00fcreci resmen \u015fekillendi.<br \/>\n<br \/>K\u00fctahya\u2019da amat\u00f6r futbol heyecan\u0131n\u0131n artarak devam etti\u011fini belirten Gen\u00e7lik ve Spor \u0130l M\u00fcd\u00fcrl\u00fc\u011f\u00fc yetkilileri, sporun ve sporcunun yan\u0131nda olmaya devam edeceklerini ifade etti.<br \/><\/p>\n","protected":false},"excerpt":{"rendered":"<p>K\u00fctahya\u2019da Merkez S\u00fcper Amat\u00f6r ve 1. Amat\u00f6r Grup tak\u0131mlar\u0131n\u0131n antrenman sahas\u0131 ve saatleri kur\u2019a \u00e7ekimi, Dumlup\u0131nar Spor Salonu Gen\u00e7 Ofis\u2019te ger\u00e7ekle\u015ftirildi. Ger\u00e7ekle\u015ftirilen kur\u2019a \u00e7ekiminin ard\u0131ndan tak\u0131mlar\u0131n yeni sezon haz\u0131rl\u0131k s\u00fcreci resmen \u015fekillendi. K\u00fctahya\u2019da amat\u00f6r futbol heyecan\u0131n\u0131n artarak devam etti\u011fini belirten Gen\u00e7lik ve Spor \u0130l M\u00fcd\u00fcrl\u00fc\u011f\u00fc yetkilileri, sporun ve sporcunun yan\u0131nda olmaya devam edeceklerini ifade etti.<\/p>\n","protected":false},"author":1,"featured_media":55126,"comment_status":"open","ping_status":"open","sticky":false,"template":"","format":"standard","meta":{"_crdt_document":"","footnotes":""},"categories":[4],"tags":[],"class_list":["post-55125","post","type-post","status-publish","format-standard","has-post-thumbnail","hentry","category-spor"],"_links":{"self":[{"href":"https:\/\/www.egemtv.com\/index.php?rest_route=\/wp\/v2\/posts\/55125","targetHints":{"allow":["GET"]}}],"collection":[{"href":"https:\/\/www.egemtv.com\/index.php?rest_route=\/wp\/v2\/posts"}],"about":[{"href":"https:\/\/www.egemtv.com\/index.php?rest_route=\/wp\/v2\/types\/post"}],"author":[{"embeddable":true,"href":"https:\/\/www.egemtv.com\/index.php?rest_route=\/wp\/v2\/users\/1"}],"replies":[{"embeddable":true,"href":"https:\/\/www.egemtv.com\/index.php?rest_route=%2Fwp%2Fv2%2Fcomments&post=55125"}],"version-history":[{"count":1,"href":"https:\/\/www.egemtv.com\/index.php?rest_route=\/wp\/v2\/posts\/55125\/revisions"}],"predecessor-version":[{"id":55127,"href":"https:\/\/www.egemtv.com\/index.php?rest_route=\/wp\/v2\/posts\/55125\/revisions\/55127"}],"wp:featuredmedia":[{"embeddable":true,"href":"https:\/\/www.egemtv.com\/index.php?rest_route=\/wp\/v2\/media\/55126"}],"wp:attachment":[{"href":"https:\/\/www.egemtv.com\/index.php?rest_route=%2Fwp%2Fv2%2Fmedia&parent=55125"}],"wp:term":[{"taxonomy":"category","embeddable":true,"href":"https:\/\/www.egemtv.com\/index.php?rest_route=%2Fwp%2Fv2%2Fcategories&post=55125"},{"taxonomy":"post_tag","embeddable":true,"href":"https:\/\/www.egemtv.com\/index.php?rest_route=%2Fwp%2Fv2%2Ftags&post=55125"}],"curies":[{"name":"wp","href":"https:\/\/api.w.org\/{rel}","templated":true}]}}