{"id":55062,"date":"2025-09-15T19:34:56","date_gmt":"2025-09-15T16:34:56","guid":{"rendered":"https:\/\/www.egemtv.com\/?p=55062"},"modified":"2025-09-15T19:34:57","modified_gmt":"2025-09-15T16:34:57","slug":"resen-ogretmen-atamalarinda-magduriyet-iddiasi","status":"publish","type":"post","link":"https:\/\/www.egemtv.com\/?p=55062","title":{"rendered":"Resen \u00f6\u011fretmen atamalar\u0131nda ma\u011fduriyet iddias\u0131"},"content":{"rendered":"<p>Mu\u011fla\u2019da ve T\u00fcrkiye\u2019nin bir\u00e7ok ilinde norm fazlas\u0131 \u00f6\u011fretmenlerin il i\u00e7i resen atamalar\u0131nda b\u00fcy\u00fck ma\u011fduriyetler ya\u015fand\u0131\u011f\u0131n\u0131 a\u00e7\u0131klayan E\u011fitim Bir-Sen Mu\u011fla \u015eube Ba\u015fkan\u0131 \u00d6nder U\u00e7ak, ayn\u0131 okulda ve il\u00e7ede g\u00f6rev yapan \u00f6\u011fretmen e\u015flerden birisinin Fethiye\u2019den Bodrum\u2019a atanmas\u0131n\u0131n b\u00fcy\u00fck bir ma\u011fduriyete neden oldu\u011funu s\u00f6yledi.<br \/>\n<br \/>E\u011fitim Bir-Sen Mu\u011fla \u015eube Ba\u015fkan\u0131 \u00d6nder U\u00e7ak yapt\u0131\u011f\u0131 a\u00e7\u0131klamada, &#8220;Cumhurba\u015fkan\u0131m\u0131z bu y\u0131l\u0131 \u2019Aile Y\u0131l\u0131\u2019 ilan etmi\u015f, Mill\u00ee E\u011fitim Bakanl\u0131\u011f\u0131m\u0131z da 2025-2026 e\u011fitim \u00f6\u011fretim y\u0131l\u0131n\u0131n ana temalar\u0131ndan birini \u2019aile\u2019 olarak belirlemi\u015ftir. Ancak bu hedeflerin tam aksine uygulamaya konulan resen atamalar \u00f6\u011fretmenlerimizi ma\u011fdur etmi\u015f, aile b\u00fct\u00fcnl\u00fc\u011f\u00fcn\u00fc ciddi \u015fekilde zedelemi\u015ftir. Anne ve babalar\u0131n birbirinden uzak, gidi\u015f geli\u015f imkan\u0131 olmayan farkl\u0131 il\u00e7elerde \u00e7al\u0131\u015fmak zorunda kalmas\u0131 e\u011fitimcilerimizin motivasyonunu d\u00fc\u015f\u00fcrm\u00fc\u015f, ailelerde huzursuzlu\u011fu art\u0131rm\u0131\u015ft\u0131r. Merve \u00f6\u011fretmenimiz, okul \u00f6ncesi \u00f6\u011fretmeni olarak e\u015f durumundan Seydikemer il\u00e7e emrine atanm\u0131\u015fken, resen Bodrum\u2019a g\u00f6nderilmi\u015ftir. Arada mesafe tam 266 km\u2019dir. Mine \u00f6\u011fretmenimiz, Mente\u015fe il\u00e7e emrine e\u015f durumundan atanm\u0131\u015f, fakat resen Bodrum\u2019a tayini \u00e7\u0131km\u0131\u015ft\u0131r. Mesafe 132 km\u2019dir. Bu \u00f6\u011fretmenlerimizin \u00f6n\u00fcnde sadece \u00fc\u00e7 se\u00e7enek kalmaktad\u0131r: Birincisi \u2019iki il\u00e7ede ayr\u0131 ev tutmak\u2019. Bu durumda \u00e7ocuklar\u0131n durumu belirsizdir ya da e\u015f hamile ise s\u00fcre\u00e7 daha da zorla\u015fmaktad\u0131r. \u0130kincisi \u2019ayl\u0131ks\u0131z izin almak.\u2019 Bu se\u00e7enek ise ekonomik olarak imk\u00e2ns\u0131zl\u0131klar\u0131 derinle\u015ftirecektir. \u00dc\u00e7\u00fcnc\u00fc se\u00e7enek ise \u2019istifa etmektir\u2019, ki bu en k\u00f6t\u00fcs\u00fc, meslekten kopu\u015fa ve b\u00fcy\u00fck bir toplumsal kayba neden olacakt\u0131r. Bu tablo, ailelerin \u00fczerindeki stresi ve toplumsal maliyeti g\u00f6zler \u00f6n\u00fcne sermektedir. Sadece bu \u00f6rneklerle s\u0131n\u0131rl\u0131 olmayan toplamda 40 aile, resen atama nedeniyle par\u00e7alanma tehlikesiyle kar\u015f\u0131 kar\u015f\u0131yad\u0131r. Bu ma\u011fduriyetin giderilebilmesi i\u00e7in 40 \u00fccretli \u00f6\u011fretmen g\u00f6revlendirilmesi yeterli olacakt\u0131r. Milli E\u011fitim Bakanl\u0131\u011f\u0131, yaz tatili boyunca y\u00fcr\u00fct\u00fclen atama ve yer de\u011fi\u015ftirme s\u00fcre\u00e7lerinde \u00f6\u011fretmenlerimizin beklentilerini b\u00fcy\u00fck \u00f6l\u00e7\u00fcde kar\u015f\u0131lam\u0131\u015f ve takdir toplam\u0131\u015fken, norm fazlas\u0131 \u00f6\u011fretmenlerin resen atama s\u00fcrecinde ya\u015fanan karga\u015fa ve adaletsizlik bu olumlu tabloyu g\u00f6lgelemektedir. Bizler inan\u0131yoruz ki Mill\u00ee E\u011fitim Bakan\u0131m\u0131z Yusuf Tekin, bu ma\u011fduriyetlerin giderilmesi i\u00e7in gereken ad\u0131mlar\u0131 atacak, ailelerin par\u00e7alanmas\u0131na yol a\u00e7an resen atamalar\u0131n iptal edilmesi y\u00f6n\u00fcnde talimat verecektir&#8221; dedi.<br \/><\/p>\n","protected":false},"excerpt":{"rendered":"<p>Mu\u011fla\u2019da ve T\u00fcrkiye\u2019nin bir\u00e7ok ilinde norm fazlas\u0131 \u00f6\u011fretmenlerin il i\u00e7i resen atamalar\u0131nda b\u00fcy\u00fck ma\u011fduriyetler ya\u015fand\u0131\u011f\u0131n\u0131 a\u00e7\u0131klayan E\u011fitim Bir-Sen Mu\u011fla \u015eube Ba\u015fkan\u0131 \u00d6nder U\u00e7ak, ayn\u0131 okulda ve il\u00e7ede g\u00f6rev yapan \u00f6\u011fretmen e\u015flerden birisinin Fethiye\u2019den Bodrum\u2019a atanmas\u0131n\u0131n b\u00fcy\u00fck bir ma\u011fduriyete neden oldu\u011funu s\u00f6yledi. E\u011fitim Bir-Sen Mu\u011fla \u015eube Ba\u015fkan\u0131 \u00d6nder U\u00e7ak yapt\u0131\u011f\u0131 a\u00e7\u0131klamada, &#8220;Cumhurba\u015fkan\u0131m\u0131z bu y\u0131l\u0131 \u2019Aile Y\u0131l\u0131\u2019&#8230;<\/p>\n","protected":false},"author":1,"featured_media":55063,"comment_status":"open","ping_status":"open","sticky":false,"template":"","format":"standard","meta":{"_crdt_document":"","footnotes":""},"categories":[1],"tags":[],"class_list":["post-55062","post","type-post","status-publish","format-standard","has-post-thumbnail","hentry","category-guncel"],"_links":{"self":[{"href":"https:\/\/www.egemtv.com\/index.php?rest_route=\/wp\/v2\/posts\/55062","targetHints":{"allow":["GET"]}}],"collection":[{"href":"https:\/\/www.egemtv.com\/index.php?rest_route=\/wp\/v2\/posts"}],"about":[{"href":"https:\/\/www.egemtv.com\/index.php?rest_route=\/wp\/v2\/types\/post"}],"author":[{"embeddable":true,"href":"https:\/\/www.egemtv.com\/index.php?rest_route=\/wp\/v2\/users\/1"}],"replies":[{"embeddable":true,"href":"https:\/\/www.egemtv.com\/index.php?rest_route=%2Fwp%2Fv2%2Fcomments&post=55062"}],"version-history":[{"count":1,"href":"https:\/\/www.egemtv.com\/index.php?rest_route=\/wp\/v2\/posts\/55062\/revisions"}],"predecessor-version":[{"id":55064,"href":"https:\/\/www.egemtv.com\/index.php?rest_route=\/wp\/v2\/posts\/55062\/revisions\/55064"}],"wp:featuredmedia":[{"embeddable":true,"href":"https:\/\/www.egemtv.com\/index.php?rest_route=\/wp\/v2\/media\/55063"}],"wp:attachment":[{"href":"https:\/\/www.egemtv.com\/index.php?rest_route=%2Fwp%2Fv2%2Fmedia&parent=55062"}],"wp:term":[{"taxonomy":"category","embeddable":true,"href":"https:\/\/www.egemtv.com\/index.php?rest_route=%2Fwp%2Fv2%2Fcategories&post=55062"},{"taxonomy":"post_tag","embeddable":true,"href":"https:\/\/www.egemtv.com\/index.php?rest_route=%2Fwp%2Fv2%2Ftags&post=55062"}],"curies":[{"name":"wp","href":"https:\/\/api.w.org\/{rel}","templated":true}]}}