{"id":55059,"date":"2025-09-15T18:35:53","date_gmt":"2025-09-15T15:35:53","guid":{"rendered":"https:\/\/www.egemtv.com\/?p=55059"},"modified":"2025-09-15T18:35:54","modified_gmt":"2025-09-15T15:35:54","slug":"izmirde-suruklenen-lastik-bottaki-33-duzensiz-gocmen-kurtarildi","status":"publish","type":"post","link":"https:\/\/www.egemtv.com\/?p=55059","title":{"rendered":"\u0130zmir\u2019de s\u00fcr\u00fcklenen lastik bottaki 33 d\u00fczensiz g\u00f6\u00e7men kurtar\u0131ld\u0131"},"content":{"rendered":"<p>\u0130zmir\u2019in Karaburun il\u00e7esi a\u00e7\u0131klar\u0131nda motor ar\u0131zas\u0131 nedeniyle s\u00fcr\u00fcklenen lastik bot i\u00e7erisindeki 33 d\u00fczensiz g\u00f6\u00e7men, Sahil G\u00fcvenlik ekiplerince kurtar\u0131ld\u0131.<br \/>\n<br \/>14 Eyl\u00fcl gecesi saat 23.55\u2019te Karaburun a\u00e7\u0131klar\u0131nda i\u00e7erisinde d\u00fczensiz g\u00f6\u00e7menlerin oldu\u011fu lastik botun motor ar\u0131zas\u0131 nedeniyle s\u00fcr\u00fcklendi\u011fi ve yard\u0131m talebinde bulunuldu\u011fu ihbar\u0131 al\u0131nd\u0131. B\u00f6lgeye sevk edilen Sahil G\u00fcvenlik botu \u2019KB-41\u2019 taraf\u0131ndan fiber karinal\u0131 lastik bot i\u00e7erisindeki 14\u2019\u00fc \u00e7ocuk 33 d\u00fczensiz g\u00f6\u00e7men sa\u011f olarak kurtar\u0131ld\u0131. Karaya \u00e7\u0131kar\u0131lan g\u00f6\u00e7menlerin i\u015flemleri sonras\u0131 \u0130l G\u00f6\u00e7 \u0130daresi M\u00fcd\u00fcrl\u00fc\u011f\u00fc\u2019ne teslim edilece\u011fi \u00f6\u011frenildi.<br \/><\/p>\n","protected":false},"excerpt":{"rendered":"<p>\u0130zmir\u2019in Karaburun il\u00e7esi a\u00e7\u0131klar\u0131nda motor ar\u0131zas\u0131 nedeniyle s\u00fcr\u00fcklenen lastik bot i\u00e7erisindeki 33 d\u00fczensiz g\u00f6\u00e7men, Sahil G\u00fcvenlik ekiplerince kurtar\u0131ld\u0131. 14 Eyl\u00fcl gecesi saat 23.55\u2019te Karaburun a\u00e7\u0131klar\u0131nda i\u00e7erisinde d\u00fczensiz g\u00f6\u00e7menlerin oldu\u011fu lastik botun motor ar\u0131zas\u0131 nedeniyle s\u00fcr\u00fcklendi\u011fi ve yard\u0131m talebinde bulunuldu\u011fu ihbar\u0131 al\u0131nd\u0131. B\u00f6lgeye sevk edilen Sahil G\u00fcvenlik botu \u2019KB-41\u2019 taraf\u0131ndan fiber karinal\u0131 lastik bot i\u00e7erisindeki 14\u2019\u00fc&#8230;<\/p>\n","protected":false},"author":1,"featured_media":55060,"comment_status":"open","ping_status":"open","sticky":false,"template":"","format":"standard","meta":{"_crdt_document":"","footnotes":""},"categories":[5],"tags":[],"class_list":["post-55059","post","type-post","status-publish","format-standard","has-post-thumbnail","hentry","category-asayis"],"_links":{"self":[{"href":"https:\/\/www.egemtv.com\/index.php?rest_route=\/wp\/v2\/posts\/55059","targetHints":{"allow":["GET"]}}],"collection":[{"href":"https:\/\/www.egemtv.com\/index.php?rest_route=\/wp\/v2\/posts"}],"about":[{"href":"https:\/\/www.egemtv.com\/index.php?rest_route=\/wp\/v2\/types\/post"}],"author":[{"embeddable":true,"href":"https:\/\/www.egemtv.com\/index.php?rest_route=\/wp\/v2\/users\/1"}],"replies":[{"embeddable":true,"href":"https:\/\/www.egemtv.com\/index.php?rest_route=%2Fwp%2Fv2%2Fcomments&post=55059"}],"version-history":[{"count":1,"href":"https:\/\/www.egemtv.com\/index.php?rest_route=\/wp\/v2\/posts\/55059\/revisions"}],"predecessor-version":[{"id":55061,"href":"https:\/\/www.egemtv.com\/index.php?rest_route=\/wp\/v2\/posts\/55059\/revisions\/55061"}],"wp:featuredmedia":[{"embeddable":true,"href":"https:\/\/www.egemtv.com\/index.php?rest_route=\/wp\/v2\/media\/55060"}],"wp:attachment":[{"href":"https:\/\/www.egemtv.com\/index.php?rest_route=%2Fwp%2Fv2%2Fmedia&parent=55059"}],"wp:term":[{"taxonomy":"category","embeddable":true,"href":"https:\/\/www.egemtv.com\/index.php?rest_route=%2Fwp%2Fv2%2Fcategories&post=55059"},{"taxonomy":"post_tag","embeddable":true,"href":"https:\/\/www.egemtv.com\/index.php?rest_route=%2Fwp%2Fv2%2Ftags&post=55059"}],"curies":[{"name":"wp","href":"https:\/\/api.w.org\/{rel}","templated":true}]}}