{"id":55056,"date":"2025-09-15T18:14:57","date_gmt":"2025-09-15T15:14:57","guid":{"rendered":"https:\/\/www.egemtv.com\/?p=55056"},"modified":"2025-09-15T18:14:58","modified_gmt":"2025-09-15T15:14:58","slug":"vatandas-ve-esnafa-heimlich-manevrasi-egitimi-verilecek","status":"publish","type":"post","link":"https:\/\/www.egemtv.com\/?p=55056","title":{"rendered":"Vatanda\u015f ve esnafa Heimlich manevras\u0131 e\u011fitimi verilecek"},"content":{"rendered":"<p>Denizli Esnaf ve Sanatkarlar Odaklar\u0131 Birli\u011fi, Denizli Lokantac\u0131lar Odas\u0131 ve K\u0131z\u0131lay Denizli \u0130l Ba\u015fkanl\u0131\u011f\u0131 taraf\u0131ndan ortakla\u015fa olarak ilk yard\u0131m ve Heimlich manevras\u0131 e\u011fitimi ile kan ba\u011f\u0131\u015f\u0131 etkinli\u011fi d\u00fczenlenecek.<\/p>\n<p>Denizli Esnaf ve Sanatkarlar Odaklar\u0131 Birli\u011fi, Denizli Lokantac\u0131lar Odas\u0131 ve K\u0131z\u0131lay Denizli \u0130l Ba\u015fkanl\u0131\u011f\u0131 taraf\u0131ndan vatanda\u015flara ve esnaflara y\u00f6nelik olarak ilk yard\u0131m ve Heimlich manevras\u0131 e\u011fitimi ile kan ba\u011f\u0131\u015f\u0131 etkinli\u011fi d\u00fczenlenecek.  16 Eyl\u00fcl Sal\u0131 g\u00fcn\u00fc \u00c7\u0131nar Esnaf Saray\u0131 Yan\u0131ndaki alanda d\u00fczenlenecek olan etkinlik t\u00fcm esnaflara ve vatanda\u015flara g\u00fcn boyu a\u00e7\u0131k olacak.<\/p>\n<p>\u00d6zellikle restoranlarda soluk borusuna madde ka\u00e7mas\u0131 sonucu ya\u015fanan bo\u011fulma tehlikesine kar\u015f\u0131l\u0131k \u00f6nemli bir m\u00fcdahale olan Heimlich manevras\u0131n\u0131n herkesin bilmesi gerekti\u011fine dikkat \u00e7eken DESOB Ba\u015fkanvekili Osman \u00dc\u00e7g\u00fcl, &#8220;Denizli K\u0131z\u0131lay \u0130l Ba\u015fkanl\u0131\u011f\u0131m\u0131z ile DESOB ve Lokantac\u0131lar Odas\u0131 olarak, he esnaflar\u0131m\u0131za hem de vatanda\u015flar\u0131m\u0131za e\u011fitim verilmesi i\u00e7in ilk yard\u0131m ve Heimlich manevras\u0131 e\u011fitimi d\u00fczenliyoruz. \u00c7\u0131nar Esnaf Saray\u0131 binam\u0131z\u0131n yan\u0131ndaki alanda bu e\u011fitimleri g\u00fcn boyunca hem esnaflar\u0131m\u0131za hem de vatanda\u015flar\u0131m\u0131za anlataca\u011f\u0131z. Televizyonlardan izliyoruz, hemen ani m\u00fcdahale ile Heimlich manevras\u0131 yap\u0131larak solu\u011fu kesilen ki\u015fiye m\u00fcdahale ediliyor ve hayat kurtar\u0131l\u0131yor. \u0130\u015fte bu e\u011fitimin daha fazla insan\u0131m\u0131z\u0131n \u00f6\u011frenmesi i\u00e7in 16 Eyl\u00fcl Sal\u0131 g\u00fcn\u00fc \u00c7\u0131nar Esnaf Saray\u0131 Yan\u0131ndaki alanda d\u00fczenlenecek olan etkinli\u011fimize herkes davetlidir. 10:00-17:00 aras\u0131nda hem e\u011fitimlerimiz hem de kan ba\u011f\u0131\u015f\u0131 yapmak isteyen vatanda\u015flar\u0131m\u0131z i\u00e7inde kan ba\u011f\u0131\u015f\u0131 arac\u0131m\u0131z olacak. T\u00fcm Denizli halk\u0131m\u0131z ve esnaflar\u0131m\u0131z davetlidir. Herkesin kar\u015f\u0131la\u015fabilece\u011fi acil bir durumda hayat kurtaracak bu e\u011fitime kat\u0131l\u0131m, hem sizin hem de sevdiklerinizin sa\u011fl\u0131\u011f\u0131 i\u00e7in b\u00fcy\u00fck \u00f6nem ta\u015f\u0131maktad\u0131r. Gelin, birlikte \u00f6\u011frenelim, fark\u0131ndal\u0131\u011f\u0131m\u0131z\u0131 ve dayan\u0131\u015fmam\u0131z\u0131 g\u00fc\u00e7lendirelim&#8221; dedi.<br \/><\/p>\n","protected":false},"excerpt":{"rendered":"<p>Denizli Esnaf ve Sanatkarlar Odaklar\u0131 Birli\u011fi, Denizli Lokantac\u0131lar Odas\u0131 ve K\u0131z\u0131lay Denizli \u0130l Ba\u015fkanl\u0131\u011f\u0131 taraf\u0131ndan ortakla\u015fa olarak ilk yard\u0131m ve Heimlich manevras\u0131 e\u011fitimi ile kan ba\u011f\u0131\u015f\u0131 etkinli\u011fi d\u00fczenlenecek. Denizli Esnaf ve Sanatkarlar Odaklar\u0131 Birli\u011fi, Denizli Lokantac\u0131lar Odas\u0131 ve K\u0131z\u0131lay Denizli \u0130l Ba\u015fkanl\u0131\u011f\u0131 taraf\u0131ndan vatanda\u015flara ve esnaflara y\u00f6nelik olarak ilk yard\u0131m ve Heimlich manevras\u0131 e\u011fitimi ile&#8230;<\/p>\n","protected":false},"author":1,"featured_media":55057,"comment_status":"open","ping_status":"open","sticky":false,"template":"","format":"standard","meta":{"_crdt_document":"","footnotes":""},"categories":[2],"tags":[],"class_list":["post-55056","post","type-post","status-publish","format-standard","has-post-thumbnail","hentry","category-saglik"],"_links":{"self":[{"href":"https:\/\/www.egemtv.com\/index.php?rest_route=\/wp\/v2\/posts\/55056","targetHints":{"allow":["GET"]}}],"collection":[{"href":"https:\/\/www.egemtv.com\/index.php?rest_route=\/wp\/v2\/posts"}],"about":[{"href":"https:\/\/www.egemtv.com\/index.php?rest_route=\/wp\/v2\/types\/post"}],"author":[{"embeddable":true,"href":"https:\/\/www.egemtv.com\/index.php?rest_route=\/wp\/v2\/users\/1"}],"replies":[{"embeddable":true,"href":"https:\/\/www.egemtv.com\/index.php?rest_route=%2Fwp%2Fv2%2Fcomments&post=55056"}],"version-history":[{"count":1,"href":"https:\/\/www.egemtv.com\/index.php?rest_route=\/wp\/v2\/posts\/55056\/revisions"}],"predecessor-version":[{"id":55058,"href":"https:\/\/www.egemtv.com\/index.php?rest_route=\/wp\/v2\/posts\/55056\/revisions\/55058"}],"wp:featuredmedia":[{"embeddable":true,"href":"https:\/\/www.egemtv.com\/index.php?rest_route=\/wp\/v2\/media\/55057"}],"wp:attachment":[{"href":"https:\/\/www.egemtv.com\/index.php?rest_route=%2Fwp%2Fv2%2Fmedia&parent=55056"}],"wp:term":[{"taxonomy":"category","embeddable":true,"href":"https:\/\/www.egemtv.com\/index.php?rest_route=%2Fwp%2Fv2%2Fcategories&post=55056"},{"taxonomy":"post_tag","embeddable":true,"href":"https:\/\/www.egemtv.com\/index.php?rest_route=%2Fwp%2Fv2%2Ftags&post=55056"}],"curies":[{"name":"wp","href":"https:\/\/api.w.org\/{rel}","templated":true}]}}