{"id":55053,"date":"2025-09-15T17:54:56","date_gmt":"2025-09-15T14:54:56","guid":{"rendered":"https:\/\/www.egemtv.com\/?p=55053"},"modified":"2025-09-15T17:54:56","modified_gmt":"2025-09-15T14:54:56","slug":"izmirde-lastik-tamircisinde-yangin-kontrol-altinda","status":"publish","type":"post","link":"https:\/\/www.egemtv.com\/?p=55053","title":{"rendered":"\u0130zmir\u2019de lastik tamircisinde yang\u0131n kontrol alt\u0131nda"},"content":{"rendered":"<p>\u0130zmir\u2019in Alia\u011fa il\u00e7esinde, bir lastik tamircisinin \u00f6n\u00fcnde \u00e7\u0131kan yang\u0131n, itfaiye ekiplerinin h\u0131zl\u0131 m\u00fcdahalesiyle b\u00fcy\u00fcmeden s\u00f6nd\u00fcr\u00fcld\u00fc.<br \/>\n<br \/>Olay, bug\u00fcn Helvac\u0131 Mahallesi sanayi b\u00f6lgesinde meydana geldi. Hen\u00fcz belirlenemeyen bir nedenle, bir oto lastik tamir i\u015f yerinin \u00f6n\u00fcnde bulunan lastiklerin oldu\u011fu b\u00f6l\u00fcmde yang\u0131n \u00e7\u0131kt\u0131. Alevlerin h\u0131zla b\u00fcy\u00fcmesi \u00fczerine 112  ekiplerine bildirildi. B\u00f6lgeye \u00f6nce \u0130zmir-\u00c7anakkale Karayolu\u2019ndan ge\u00e7mekte olan Alia\u011fa Belediyesi\u2019ne ait bir vidanj\u00f6r arac\u0131 gelerek yang\u0131na ilk m\u00fcdahaleyi yapt\u0131. Ard\u0131ndan olay yerine ula\u015fan itfaiye ekipleri, yang\u0131n\u0131n di\u011fer d\u00fckkanlara s\u0131\u00e7ramas\u0131n\u0131 engelleyerek kontrol alt\u0131na ald\u0131.<br \/>\n<br \/>So\u011futma \u00e7al\u0131\u015fmalar\u0131n\u0131n s\u00fcrd\u00fc\u011f\u00fc yang\u0131nda, i\u015f yeri k\u0131smen zarar g\u00f6rd\u00fc. Erken m\u00fcdahale sayesinde b\u00fcy\u00fck bir felaketin \u00f6nlendi\u011fi \u00f6\u011frenildi.<br \/><\/p>\n","protected":false},"excerpt":{"rendered":"<p>\u0130zmir\u2019in Alia\u011fa il\u00e7esinde, bir lastik tamircisinin \u00f6n\u00fcnde \u00e7\u0131kan yang\u0131n, itfaiye ekiplerinin h\u0131zl\u0131 m\u00fcdahalesiyle b\u00fcy\u00fcmeden s\u00f6nd\u00fcr\u00fcld\u00fc. Olay, bug\u00fcn Helvac\u0131 Mahallesi sanayi b\u00f6lgesinde meydana geldi. Hen\u00fcz belirlenemeyen bir nedenle, bir oto lastik tamir i\u015f yerinin \u00f6n\u00fcnde bulunan lastiklerin oldu\u011fu b\u00f6l\u00fcmde yang\u0131n \u00e7\u0131kt\u0131. Alevlerin h\u0131zla b\u00fcy\u00fcmesi \u00fczerine 112 ekiplerine bildirildi. B\u00f6lgeye \u00f6nce \u0130zmir-\u00c7anakkale Karayolu\u2019ndan ge\u00e7mekte olan Alia\u011fa Belediyesi\u2019ne&#8230;<\/p>\n","protected":false},"author":1,"featured_media":55054,"comment_status":"open","ping_status":"open","sticky":false,"template":"","format":"standard","meta":{"_crdt_document":"","footnotes":""},"categories":[5],"tags":[],"class_list":["post-55053","post","type-post","status-publish","format-standard","has-post-thumbnail","hentry","category-asayis"],"_links":{"self":[{"href":"https:\/\/www.egemtv.com\/index.php?rest_route=\/wp\/v2\/posts\/55053","targetHints":{"allow":["GET"]}}],"collection":[{"href":"https:\/\/www.egemtv.com\/index.php?rest_route=\/wp\/v2\/posts"}],"about":[{"href":"https:\/\/www.egemtv.com\/index.php?rest_route=\/wp\/v2\/types\/post"}],"author":[{"embeddable":true,"href":"https:\/\/www.egemtv.com\/index.php?rest_route=\/wp\/v2\/users\/1"}],"replies":[{"embeddable":true,"href":"https:\/\/www.egemtv.com\/index.php?rest_route=%2Fwp%2Fv2%2Fcomments&post=55053"}],"version-history":[{"count":1,"href":"https:\/\/www.egemtv.com\/index.php?rest_route=\/wp\/v2\/posts\/55053\/revisions"}],"predecessor-version":[{"id":55055,"href":"https:\/\/www.egemtv.com\/index.php?rest_route=\/wp\/v2\/posts\/55053\/revisions\/55055"}],"wp:featuredmedia":[{"embeddable":true,"href":"https:\/\/www.egemtv.com\/index.php?rest_route=\/wp\/v2\/media\/55054"}],"wp:attachment":[{"href":"https:\/\/www.egemtv.com\/index.php?rest_route=%2Fwp%2Fv2%2Fmedia&parent=55053"}],"wp:term":[{"taxonomy":"category","embeddable":true,"href":"https:\/\/www.egemtv.com\/index.php?rest_route=%2Fwp%2Fv2%2Fcategories&post=55053"},{"taxonomy":"post_tag","embeddable":true,"href":"https:\/\/www.egemtv.com\/index.php?rest_route=%2Fwp%2Fv2%2Ftags&post=55053"}],"curies":[{"name":"wp","href":"https:\/\/api.w.org\/{rel}","templated":true}]}}