{"id":55047,"date":"2025-09-15T17:15:05","date_gmt":"2025-09-15T14:15:05","guid":{"rendered":"https:\/\/www.egemtv.com\/?p=55047"},"modified":"2025-09-15T17:15:07","modified_gmt":"2025-09-15T14:15:07","slug":"dun-topraga-verilen-sehidin-adi-bugun-dogan-ogluna-verildi","status":"publish","type":"post","link":"https:\/\/www.egemtv.com\/?p=55047","title":{"rendered":"D\u00fcn topra\u011fa verilen \u015fehidin ad\u0131, bug\u00fcn do\u011fan o\u011fluna verildi"},"content":{"rendered":"<p>K\u00fctahya\u2019n\u0131n Aslanapa il\u00e7esinde g\u00f6rev s\u0131ras\u0131nda ge\u00e7irdi\u011fi trafik kazas\u0131nda \u015fehit olan Jandarma Uzman \u00c7avu\u015f Y\u00fccel Ye\u015fil (26), memleketi Manisa\u2019n\u0131n Kula il\u00e7esinde binlerce vatanda\u015f\u0131n kat\u0131ld\u0131\u011f\u0131 t\u00f6renle son yolculu\u011funa u\u011furland\u0131.<br \/>\n<br \/>Uzman \u00c7avu\u015f Y\u00fccel Ye\u015fil\u2019in (26) haziran ay\u0131nda bo\u015fand\u0131\u011f\u0131 \u00d6zlem Uygun bug\u00fcn Salihli\u2019de do\u011fum yapt\u0131. Erkek bebe\u011fe babas\u0131n\u0131n ad\u0131 verildi.<br \/>\n<br \/>Anne \u00d6zlem Uygun, Salihli \u00d6zel Medig\u00fcne\u015f Hastanesi\u2019nde ikinci \u00e7ocu\u011funu d\u00fcnyaya getirdi. Do\u011fum sonras\u0131 hem b\u00fcy\u00fck bir h\u00fcz\u00fcn hem de gurur ya\u015fan\u0131rken, aile fertleri g\u00f6zya\u015flar\u0131n\u0131 tutamad\u0131. Yeni do\u011fan bebe\u011fe, \u015fehidin hat\u0131ras\u0131n\u0131 ya\u015fatmak i\u00e7in &#8220;Y\u00fccel&#8221; ad\u0131 verildi.<br \/><\/p>\n","protected":false},"excerpt":{"rendered":"<p>K\u00fctahya\u2019n\u0131n Aslanapa il\u00e7esinde g\u00f6rev s\u0131ras\u0131nda ge\u00e7irdi\u011fi trafik kazas\u0131nda \u015fehit olan Jandarma Uzman \u00c7avu\u015f Y\u00fccel Ye\u015fil (26), memleketi Manisa\u2019n\u0131n Kula il\u00e7esinde binlerce vatanda\u015f\u0131n kat\u0131ld\u0131\u011f\u0131 t\u00f6renle son yolculu\u011funa u\u011furland\u0131. Uzman \u00c7avu\u015f Y\u00fccel Ye\u015fil\u2019in (26) haziran ay\u0131nda bo\u015fand\u0131\u011f\u0131 \u00d6zlem Uygun bug\u00fcn Salihli\u2019de do\u011fum yapt\u0131. Erkek bebe\u011fe babas\u0131n\u0131n ad\u0131 verildi. Anne \u00d6zlem Uygun, Salihli \u00d6zel Medig\u00fcne\u015f Hastanesi\u2019nde ikinci \u00e7ocu\u011funu&#8230;<\/p>\n","protected":false},"author":1,"featured_media":55048,"comment_status":"open","ping_status":"open","sticky":false,"template":"","format":"standard","meta":{"_crdt_document":"","footnotes":""},"categories":[123],"tags":[],"class_list":["post-55047","post","type-post","status-publish","format-standard","has-post-thumbnail","hentry","category-gundem"],"_links":{"self":[{"href":"https:\/\/www.egemtv.com\/index.php?rest_route=\/wp\/v2\/posts\/55047","targetHints":{"allow":["GET"]}}],"collection":[{"href":"https:\/\/www.egemtv.com\/index.php?rest_route=\/wp\/v2\/posts"}],"about":[{"href":"https:\/\/www.egemtv.com\/index.php?rest_route=\/wp\/v2\/types\/post"}],"author":[{"embeddable":true,"href":"https:\/\/www.egemtv.com\/index.php?rest_route=\/wp\/v2\/users\/1"}],"replies":[{"embeddable":true,"href":"https:\/\/www.egemtv.com\/index.php?rest_route=%2Fwp%2Fv2%2Fcomments&post=55047"}],"version-history":[{"count":1,"href":"https:\/\/www.egemtv.com\/index.php?rest_route=\/wp\/v2\/posts\/55047\/revisions"}],"predecessor-version":[{"id":55049,"href":"https:\/\/www.egemtv.com\/index.php?rest_route=\/wp\/v2\/posts\/55047\/revisions\/55049"}],"wp:featuredmedia":[{"embeddable":true,"href":"https:\/\/www.egemtv.com\/index.php?rest_route=\/wp\/v2\/media\/55048"}],"wp:attachment":[{"href":"https:\/\/www.egemtv.com\/index.php?rest_route=%2Fwp%2Fv2%2Fmedia&parent=55047"}],"wp:term":[{"taxonomy":"category","embeddable":true,"href":"https:\/\/www.egemtv.com\/index.php?rest_route=%2Fwp%2Fv2%2Fcategories&post=55047"},{"taxonomy":"post_tag","embeddable":true,"href":"https:\/\/www.egemtv.com\/index.php?rest_route=%2Fwp%2Fv2%2Ftags&post=55047"}],"curies":[{"name":"wp","href":"https:\/\/api.w.org\/{rel}","templated":true}]}}