{"id":55035,"date":"2025-09-15T16:34:58","date_gmt":"2025-09-15T13:34:58","guid":{"rendered":"https:\/\/www.egemtv.com\/?p=55035"},"modified":"2025-09-15T16:34:59","modified_gmt":"2025-09-15T13:34:59","slug":"cinede-ogrenciler-akulu-aracla-trafik-kurallarini-uygulamali-ogrenecek","status":"publish","type":"post","link":"https:\/\/www.egemtv.com\/?p=55035","title":{"rendered":"\u00c7ine\u2019de \u00f6\u011frenciler ak\u00fcl\u00fc ara\u00e7la trafik kurallar\u0131n\u0131 uygulamal\u0131 \u00f6\u011frenecek"},"content":{"rendered":"<p>Ayd\u0131n\u2019\u0131n \u00c7ine il\u00e7esinde anaokulu \u00f6\u011frencilerinin trafik kurallar\u0131n\u0131 uygulamal\u0131 \u00f6\u011frenebilmesi i\u00e7in 6 adet ak\u00fcl\u00fc ara\u00e7 okula teslim edildi.<br \/>\n<br \/>\u00d6\u011fretmen Fatma \u00d6z Anaokulu trafik parkur alan\u0131 i\u00e7in \u0130l\u00e7e Jandarma Komutanl\u0131\u011f\u0131 ve \u0130l\u00e7e Emniyet M\u00fcd\u00fcrl\u00fc\u011f\u00fc taraf\u0131ndan temin edilen ak\u00fcl\u00fc ara\u00e7lar minik \u00f6\u011frencilere teslim edildi.<br \/>\n<br \/>Kaymakam Ali Erdo\u011fan, miniklerin trafik kurallar\u0131n\u0131 k\u00fc\u00e7\u00fck ya\u015fta, e\u011flenerek \u00f6\u011frenmelerine ve trafik bilinci kazanmalar\u0131na katk\u0131 sa\u011flayacak proje i\u00e7in, \u0130l\u00e7e Jandarma Komutanl\u0131\u011f\u0131 ve \u0130l\u00e7e Emniyet M\u00fcd\u00fcrl\u00fc\u011f\u00fc ekipleri ile Okul M\u00fcd\u00fcr\u00fc \u00dcmran K\u00f6ksal \u0130mal\u2019a te\u015fekk\u00fcr etti.<br \/><\/p>\n","protected":false},"excerpt":{"rendered":"<p>Ayd\u0131n\u2019\u0131n \u00c7ine il\u00e7esinde anaokulu \u00f6\u011frencilerinin trafik kurallar\u0131n\u0131 uygulamal\u0131 \u00f6\u011frenebilmesi i\u00e7in 6 adet ak\u00fcl\u00fc ara\u00e7 okula teslim edildi. \u00d6\u011fretmen Fatma \u00d6z Anaokulu trafik parkur alan\u0131 i\u00e7in \u0130l\u00e7e Jandarma Komutanl\u0131\u011f\u0131 ve \u0130l\u00e7e Emniyet M\u00fcd\u00fcrl\u00fc\u011f\u00fc taraf\u0131ndan temin edilen ak\u00fcl\u00fc ara\u00e7lar minik \u00f6\u011frencilere teslim edildi. Kaymakam Ali Erdo\u011fan, miniklerin trafik kurallar\u0131n\u0131 k\u00fc\u00e7\u00fck ya\u015fta, e\u011flenerek \u00f6\u011frenmelerine ve trafik bilinci kazanmalar\u0131na&#8230;<\/p>\n","protected":false},"author":1,"featured_media":55036,"comment_status":"open","ping_status":"open","sticky":false,"template":"","format":"standard","meta":{"_crdt_document":"","footnotes":""},"categories":[1],"tags":[],"class_list":["post-55035","post","type-post","status-publish","format-standard","has-post-thumbnail","hentry","category-guncel"],"_links":{"self":[{"href":"https:\/\/www.egemtv.com\/index.php?rest_route=\/wp\/v2\/posts\/55035","targetHints":{"allow":["GET"]}}],"collection":[{"href":"https:\/\/www.egemtv.com\/index.php?rest_route=\/wp\/v2\/posts"}],"about":[{"href":"https:\/\/www.egemtv.com\/index.php?rest_route=\/wp\/v2\/types\/post"}],"author":[{"embeddable":true,"href":"https:\/\/www.egemtv.com\/index.php?rest_route=\/wp\/v2\/users\/1"}],"replies":[{"embeddable":true,"href":"https:\/\/www.egemtv.com\/index.php?rest_route=%2Fwp%2Fv2%2Fcomments&post=55035"}],"version-history":[{"count":1,"href":"https:\/\/www.egemtv.com\/index.php?rest_route=\/wp\/v2\/posts\/55035\/revisions"}],"predecessor-version":[{"id":55037,"href":"https:\/\/www.egemtv.com\/index.php?rest_route=\/wp\/v2\/posts\/55035\/revisions\/55037"}],"wp:featuredmedia":[{"embeddable":true,"href":"https:\/\/www.egemtv.com\/index.php?rest_route=\/wp\/v2\/media\/55036"}],"wp:attachment":[{"href":"https:\/\/www.egemtv.com\/index.php?rest_route=%2Fwp%2Fv2%2Fmedia&parent=55035"}],"wp:term":[{"taxonomy":"category","embeddable":true,"href":"https:\/\/www.egemtv.com\/index.php?rest_route=%2Fwp%2Fv2%2Fcategories&post=55035"},{"taxonomy":"post_tag","embeddable":true,"href":"https:\/\/www.egemtv.com\/index.php?rest_route=%2Fwp%2Fv2%2Ftags&post=55035"}],"curies":[{"name":"wp","href":"https:\/\/api.w.org\/{rel}","templated":true}]}}