{"id":55032,"date":"2025-09-15T16:14:57","date_gmt":"2025-09-15T13:14:57","guid":{"rendered":"https:\/\/www.egemtv.com\/?p=55032"},"modified":"2025-09-15T16:14:58","modified_gmt":"2025-09-15T13:14:58","slug":"aydin-shmyoya-yeni-nesil-fizyoterapi-cihazi","status":"publish","type":"post","link":"https:\/\/www.egemtv.com\/?p=55032","title":{"rendered":"Ayd\u0131n SHMYO\u2019ya Yeni Nesil Fizyoterapi Cihaz\u0131"},"content":{"rendered":"<p>Adnan Menderes \u00dcniversitesi Rekt\u00f6r\u00fc Prof. Dr. B\u00fclent Kent, sa\u011fl\u0131k alan\u0131nda nitelikli ara eleman yeti\u015ftirmeyi hedefleyen Ayd\u0131n Sa\u011fl\u0131k Hizmetleri Meslek Y\u00fcksekokuluna (Ayd\u0131n SHMYO) \u0130ktisadi \u0130\u015fletme M\u00fcd\u00fcrl\u00fc\u011f\u00fc taraf\u0131ndan al\u0131nan Chattanooga Intelect Neo Combo marka kombine elektroterapi cihaz\u0131n\u0131 yerinde inceledi.<br \/>\n<br \/>Rekt\u00f6r Yard\u0131mc\u0131lar\u0131 Prof. Dr. Cemal \u0130yem ve Prof. Dr. Cengiz \u00d6zarslan, Genel Sekreter V. Prof. Dr. Bertan Akyol, Rekt\u00f6r Dan\u0131\u015fman\u0131 Dr. \u00d6\u011fr. \u00dcyesi Ahmet Fatih Hac\u0131yusufo\u011flu ve Ayd\u0131n SHMYO M\u00fcd\u00fcr\u00fc Do\u00e7. Dr. Emel Tu\u011frul\u2019un da yer ald\u0131\u011f\u0131 program kapsam\u0131nda, meslek y\u00fcksekokulunun teknik altyap\u0131s\u0131 ve y\u00fcr\u00fct\u00fclen \u00e7al\u0131\u015fmalar yerinde de\u011ferlendirildi.<br \/>\n<br \/>G\u00fcn\u00fcm\u00fczde fizyoterapi alan\u0131nda yayg\u0131n olarak kullan\u0131lan elektroterapi cihazlar\u0131, \u00f6zellikle n\u00f6rolojik ve ortopedik rahats\u0131zl\u0131klar\u0131n tedavisinde b\u00fcy\u00fck \u00f6nem ta\u015f\u0131yor. Bu cihazlar sayesinde hem a\u011fr\u0131 kontrol\u00fc hem de rehabilitasyon s\u00fcre\u00e7leri daha etkin bir \u015fekilde y\u00fcr\u00fct\u00fcl\u00fcyor. Modern teknolojisi ve \u00e7ok y\u00f6nl\u00fc kullan\u0131m \u00f6zellikleri ile \u00f6ne \u00e7\u0131kan Chattanooga Intelect Neo Combo, yaln\u0131zca klinik uygulamalarda de\u011fil, ayn\u0131 zamanda e\u011fitim ortamlar\u0131nda da tercih edilen geli\u015fmi\u015f bir sistem olarak biliniyor.<br \/>\n<br \/>Intelect Neo Combo; elektroterapi, ultrason ve kombine terapi uygulamalar\u0131n\u0131 ayn\u0131 anda yapabilen ileri teknolojiye sahip bir cihaz olup; mod\u00fcler yap\u0131s\u0131 sayesinde ihtiyaca g\u00f6re ek donan\u0131mlar entegre edilebilirken, dokunmatik ekran\u0131 ve kullan\u0131c\u0131 dostu aray\u00fcz\u00fc ile tedavi protokolleri de kolayl\u0131kla se\u00e7ilebiliyor. Ayr\u0131ca, \u00f6nceden tan\u0131ml\u0131 klinik protokoller ve hasta takibi \u00f6zelli\u011fi sayesinde uygulamalar standart hale getirilerek g\u00fcvenli bir tedavi s\u00fcreci sa\u011flan\u0131yor.<br \/>\n<br \/>Cihaz, fizyoterapi uygulamalar\u0131nda geni\u015f bir yelpazede kullan\u0131l\u0131yor. TENS ve interferansiyel ak\u0131mlar ile akut ve kronik a\u011fr\u0131lar\u0131n kontrol\u00fcnde etkili olurken, NMES uygulamalar\u0131 ile kas g\u00fc\u00e7lendirme, kas atrofisinin \u00f6nlenmesi ve fonksiyonel hareket kazand\u0131rma s\u00fcre\u00e7lerine katk\u0131 sa\u011fl\u0131yor. Bunun yan\u0131 s\u0131ra dola\u015f\u0131m\u0131 art\u0131rarak \u00f6demin azalmas\u0131na yard\u0131mc\u0131 oluyor ve ultrason terapisi ile tendon, kas ve ba\u011f yaralanmalar\u0131nda iyile\u015fme s\u00fcrecini h\u0131zland\u0131r\u0131yor. Spor yaralanmalar\u0131, ortopedik ve n\u00f6rolojik rehabilitasyon alanlar\u0131nda s\u0131k\u00e7a tercih ediliyor.<br \/>\n<br \/>Intelect Neo Combo cihaz\u0131, yaln\u0131zca tedavi s\u00fcre\u00e7lerinde de\u011fil, ayn\u0131 zamanda e\u011fitimde de \u00f6nemli bir yere sahip. Fizyoterapi \u00f6\u011frencileri bu cihaz sayesinde elektroterapi ak\u0131mlar\u0131n\u0131n fizyolojik etkilerini uygulamal\u0131 olarak \u00f6\u011frenme f\u0131rsat\u0131 bulacak, klinik uygulamalara haz\u0131rl\u0131k s\u00fcrecinde ger\u00e7ek hasta vakalar\u0131nda kullan\u0131lan bir cihaz\u0131 tan\u0131yarak mesleki deneyimlerini art\u0131rabilecek.<br \/>\n<br \/>Ziyaret sonunda AD\u00dc Rekt\u00f6r\u00fc Prof. Dr. B\u00fclent Kent, &#8220;\u00dcniversite olarak, \u00f6\u011frencilerimizin yaln\u0131zca teorik bilgiyle de\u011fil, ayn\u0131 zamanda en g\u00fcncel teknolojilerle uygulama yaparak yeti\u015fmelerini \u00f6nemsiyoruz. \u00dcniversitemize kazand\u0131rd\u0131\u011f\u0131m\u0131z kombine elektroterapi cihaz\u0131 hem e\u011fitimde kaliteyi art\u0131racak hem de \u00f6\u011frencilerimizin mesleki donan\u0131mlar\u0131n\u0131 g\u00fc\u00e7lendirecektir. Bu modern cihaz\u0131n, meslek y\u00fcksekokulumuza, akademisyenlerimize ve en \u00f6nemlisi \u00f6\u011frencilerimize hay\u0131rl\u0131 olmas\u0131n\u0131 diliyorum&#8221; dedi.<br \/><\/p>\n","protected":false},"excerpt":{"rendered":"<p>Adnan Menderes \u00dcniversitesi Rekt\u00f6r\u00fc Prof. Dr. B\u00fclent Kent, sa\u011fl\u0131k alan\u0131nda nitelikli ara eleman yeti\u015ftirmeyi hedefleyen Ayd\u0131n Sa\u011fl\u0131k Hizmetleri Meslek Y\u00fcksekokuluna (Ayd\u0131n SHMYO) \u0130ktisadi \u0130\u015fletme M\u00fcd\u00fcrl\u00fc\u011f\u00fc taraf\u0131ndan al\u0131nan Chattanooga Intelect Neo Combo marka kombine elektroterapi cihaz\u0131n\u0131 yerinde inceledi. Rekt\u00f6r Yard\u0131mc\u0131lar\u0131 Prof. Dr. Cemal \u0130yem ve Prof. Dr. Cengiz \u00d6zarslan, Genel Sekreter V. Prof. Dr. Bertan Akyol,&#8230;<\/p>\n","protected":false},"author":1,"featured_media":55033,"comment_status":"open","ping_status":"open","sticky":false,"template":"","format":"standard","meta":{"_crdt_document":"","footnotes":""},"categories":[1],"tags":[],"class_list":["post-55032","post","type-post","status-publish","format-standard","has-post-thumbnail","hentry","category-guncel"],"_links":{"self":[{"href":"https:\/\/www.egemtv.com\/index.php?rest_route=\/wp\/v2\/posts\/55032","targetHints":{"allow":["GET"]}}],"collection":[{"href":"https:\/\/www.egemtv.com\/index.php?rest_route=\/wp\/v2\/posts"}],"about":[{"href":"https:\/\/www.egemtv.com\/index.php?rest_route=\/wp\/v2\/types\/post"}],"author":[{"embeddable":true,"href":"https:\/\/www.egemtv.com\/index.php?rest_route=\/wp\/v2\/users\/1"}],"replies":[{"embeddable":true,"href":"https:\/\/www.egemtv.com\/index.php?rest_route=%2Fwp%2Fv2%2Fcomments&post=55032"}],"version-history":[{"count":1,"href":"https:\/\/www.egemtv.com\/index.php?rest_route=\/wp\/v2\/posts\/55032\/revisions"}],"predecessor-version":[{"id":55034,"href":"https:\/\/www.egemtv.com\/index.php?rest_route=\/wp\/v2\/posts\/55032\/revisions\/55034"}],"wp:featuredmedia":[{"embeddable":true,"href":"https:\/\/www.egemtv.com\/index.php?rest_route=\/wp\/v2\/media\/55033"}],"wp:attachment":[{"href":"https:\/\/www.egemtv.com\/index.php?rest_route=%2Fwp%2Fv2%2Fmedia&parent=55032"}],"wp:term":[{"taxonomy":"category","embeddable":true,"href":"https:\/\/www.egemtv.com\/index.php?rest_route=%2Fwp%2Fv2%2Fcategories&post=55032"},{"taxonomy":"post_tag","embeddable":true,"href":"https:\/\/www.egemtv.com\/index.php?rest_route=%2Fwp%2Fv2%2Ftags&post=55032"}],"curies":[{"name":"wp","href":"https:\/\/api.w.org\/{rel}","templated":true}]}}