{"id":55029,"date":"2025-09-15T15:55:00","date_gmt":"2025-09-15T12:55:00","guid":{"rendered":"https:\/\/www.egemtv.com\/?p=55029"},"modified":"2025-09-15T15:55:01","modified_gmt":"2025-09-15T12:55:01","slug":"sarigolde-pekmezli-karbasti-festivale-damga-vurdu","status":"publish","type":"post","link":"https:\/\/www.egemtv.com\/?p=55029","title":{"rendered":"Sar\u0131g\u00f6l\u2019de pekmezli karbast\u0131 festivale damga vurdu"},"content":{"rendered":"<p>Sar\u0131g\u00f6l \u00dcz\u00fcm Kooperatifi, 17. Sar\u0131g\u00f6l Sultaniye \u00dcz\u00fcm Festivali\u2019nde ziyaret\u00e7ilere \u00fcz\u00fcm pekmeziyle haz\u0131rlanan geleneksel karbast\u0131y\u0131 ikram ederek b\u00fcy\u00fck ilgi g\u00f6rd\u00fc.<br \/>\n<br \/>17. Sar\u0131g\u00f6l Sultaniye \u00dcz\u00fcm Festivali\u2019nde stant a\u00e7an Sar\u0131g\u00f6l \u00dcz\u00fcm Kooperatifi, kendi \u00fcr\u00fcnlerinin tan\u0131t\u0131m\u0131n\u0131n yan\u0131 s\u0131ra vatanda\u015flara serinleten karbast\u0131 ikram\u0131nda bulundu. Buldan il\u00e7esinden getirilen kar ile \u00fcz\u00fcm pekmezi kar\u0131\u015f\u0131m\u0131ndan haz\u0131rlanan i\u00e7ecek, festivalin en \u00e7ok ilgi g\u00f6ren ikram\u0131 oldu.<br \/>\n<br \/>Kooperatif Ba\u015fkan\u0131 Yusuf T\u00fcfek\u00e7i, karbast\u0131 ikram\u0131na ili\u015fkin yapt\u0131\u011f\u0131 a\u00e7\u0131klamada, &#8220;Karbast\u0131 genellikle vi\u015fne suyu ile yap\u0131l\u0131r. Biz bu kez kooperatifimizin \u00fcretti\u011fi pekmez ile haz\u0131rlad\u0131k ve ziyaret\u00e7ilerimize serinlemeleri i\u00e7in ikram ettik. \u0130\u00e7en bir kez daha i\u00e7mek istedi. \u0130ki g\u00fcn boyunca ikram\u0131m\u0131z s\u00fcrd\u00fc.&#8221; dedi.<br \/><\/p>\n","protected":false},"excerpt":{"rendered":"<p>Sar\u0131g\u00f6l \u00dcz\u00fcm Kooperatifi, 17. Sar\u0131g\u00f6l Sultaniye \u00dcz\u00fcm Festivali\u2019nde ziyaret\u00e7ilere \u00fcz\u00fcm pekmeziyle haz\u0131rlanan geleneksel karbast\u0131y\u0131 ikram ederek b\u00fcy\u00fck ilgi g\u00f6rd\u00fc. 17. Sar\u0131g\u00f6l Sultaniye \u00dcz\u00fcm Festivali\u2019nde stant a\u00e7an Sar\u0131g\u00f6l \u00dcz\u00fcm Kooperatifi, kendi \u00fcr\u00fcnlerinin tan\u0131t\u0131m\u0131n\u0131n yan\u0131 s\u0131ra vatanda\u015flara serinleten karbast\u0131 ikram\u0131nda bulundu. Buldan il\u00e7esinden getirilen kar ile \u00fcz\u00fcm pekmezi kar\u0131\u015f\u0131m\u0131ndan haz\u0131rlanan i\u00e7ecek, festivalin en \u00e7ok ilgi g\u00f6ren ikram\u0131&#8230;<\/p>\n","protected":false},"author":1,"featured_media":55030,"comment_status":"open","ping_status":"open","sticky":false,"template":"","format":"standard","meta":{"_crdt_document":"","footnotes":""},"categories":[1],"tags":[],"class_list":["post-55029","post","type-post","status-publish","format-standard","has-post-thumbnail","hentry","category-guncel"],"_links":{"self":[{"href":"https:\/\/www.egemtv.com\/index.php?rest_route=\/wp\/v2\/posts\/55029","targetHints":{"allow":["GET"]}}],"collection":[{"href":"https:\/\/www.egemtv.com\/index.php?rest_route=\/wp\/v2\/posts"}],"about":[{"href":"https:\/\/www.egemtv.com\/index.php?rest_route=\/wp\/v2\/types\/post"}],"author":[{"embeddable":true,"href":"https:\/\/www.egemtv.com\/index.php?rest_route=\/wp\/v2\/users\/1"}],"replies":[{"embeddable":true,"href":"https:\/\/www.egemtv.com\/index.php?rest_route=%2Fwp%2Fv2%2Fcomments&post=55029"}],"version-history":[{"count":1,"href":"https:\/\/www.egemtv.com\/index.php?rest_route=\/wp\/v2\/posts\/55029\/revisions"}],"predecessor-version":[{"id":55031,"href":"https:\/\/www.egemtv.com\/index.php?rest_route=\/wp\/v2\/posts\/55029\/revisions\/55031"}],"wp:featuredmedia":[{"embeddable":true,"href":"https:\/\/www.egemtv.com\/index.php?rest_route=\/wp\/v2\/media\/55030"}],"wp:attachment":[{"href":"https:\/\/www.egemtv.com\/index.php?rest_route=%2Fwp%2Fv2%2Fmedia&parent=55029"}],"wp:term":[{"taxonomy":"category","embeddable":true,"href":"https:\/\/www.egemtv.com\/index.php?rest_route=%2Fwp%2Fv2%2Fcategories&post=55029"},{"taxonomy":"post_tag","embeddable":true,"href":"https:\/\/www.egemtv.com\/index.php?rest_route=%2Fwp%2Fv2%2Ftags&post=55029"}],"curies":[{"name":"wp","href":"https:\/\/api.w.org\/{rel}","templated":true}]}}