{"id":55026,"date":"2025-09-15T15:54:59","date_gmt":"2025-09-15T12:54:59","guid":{"rendered":"https:\/\/www.egemtv.com\/?p=55026"},"modified":"2025-09-15T15:55:00","modified_gmt":"2025-09-15T12:55:00","slug":"manisa-fk-kupa-maci-hazirliklarini-tamamladi","status":"publish","type":"post","link":"https:\/\/www.egemtv.com\/?p=55026","title":{"rendered":"Manisa FK, kupa ma\u00e7\u0131 haz\u0131rl\u0131klar\u0131n\u0131 tamamlad\u0131"},"content":{"rendered":"<p>Manisa Futbol Kul\u00fcb\u00fc, Ziraat T\u00fcrkiye Kupas\u0131 2. Eleme Turu ma\u00e7\u0131nda deplasmanda kar\u015f\u0131la\u015faca\u011f\u0131 K\u0131r\u0131kkale FK ma\u00e7\u0131n\u0131n haz\u0131rl\u0131klar\u0131n\u0131 tamamlad\u0131.<br \/>\n<br \/>Ziraat T\u00fcrkiye Kupas\u0131 2. Eleme Turu ma\u00e7\u0131nda deplasmanda K\u0131r\u0131kkale FK\u2019ya konuk olacak olan Manisa FK, kar\u015f\u0131la\u015fman\u0131n haz\u0131rl\u0131klar\u0131n\u0131 tamamlayarak K\u0131r\u0131kkale\u2019ye hareket etti. Trendyol 1. Lig ekibi Manisa Futbol Kul\u00fcb\u00fc, Ziraat T\u00fcrkiye Kupas\u0131 2. Tur ma\u00e7\u0131nda yar\u0131n 3. Lig 2. Grup temsilcisi K\u0131r\u0131kkale FK ile deplasmanda kar\u015f\u0131 kar\u015f\u0131ya gelecek. Ba\u015fp\u0131nar Stad\u0131\u2019nda Yusuf Adnan Kendiriciler\u2019in y\u00f6netece\u011fi ma\u00e7 saat 15.30\u2019da ba\u015flayacak. Tek ma\u00e7l\u0131 eleme usul\u00fcne g\u00f6re oynanacak ma\u00e7ta kazanan tak\u0131m 3. Tura y\u00fckselecek.<br \/>\n<br \/>Manisa FK, kupa ma\u00e7\u0131nda tur atlayarak ligde Boluspor\u2019a kar\u015f\u0131 ald\u0131\u011f\u0131 2-0\u2019l\u0131k ma\u011flubiyeti unutturmak istiyor.<br \/><\/p>\n","protected":false},"excerpt":{"rendered":"<p>Manisa Futbol Kul\u00fcb\u00fc, Ziraat T\u00fcrkiye Kupas\u0131 2. Eleme Turu ma\u00e7\u0131nda deplasmanda kar\u015f\u0131la\u015faca\u011f\u0131 K\u0131r\u0131kkale FK ma\u00e7\u0131n\u0131n haz\u0131rl\u0131klar\u0131n\u0131 tamamlad\u0131. Ziraat T\u00fcrkiye Kupas\u0131 2. Eleme Turu ma\u00e7\u0131nda deplasmanda K\u0131r\u0131kkale FK\u2019ya konuk olacak olan Manisa FK, kar\u015f\u0131la\u015fman\u0131n haz\u0131rl\u0131klar\u0131n\u0131 tamamlayarak K\u0131r\u0131kkale\u2019ye hareket etti. Trendyol 1. Lig ekibi Manisa Futbol Kul\u00fcb\u00fc, Ziraat T\u00fcrkiye Kupas\u0131 2. Tur ma\u00e7\u0131nda yar\u0131n 3. Lig 2&#8230;.<\/p>\n","protected":false},"author":1,"featured_media":55027,"comment_status":"open","ping_status":"open","sticky":false,"template":"","format":"standard","meta":{"_crdt_document":"","footnotes":""},"categories":[4],"tags":[],"class_list":["post-55026","post","type-post","status-publish","format-standard","has-post-thumbnail","hentry","category-spor"],"_links":{"self":[{"href":"https:\/\/www.egemtv.com\/index.php?rest_route=\/wp\/v2\/posts\/55026","targetHints":{"allow":["GET"]}}],"collection":[{"href":"https:\/\/www.egemtv.com\/index.php?rest_route=\/wp\/v2\/posts"}],"about":[{"href":"https:\/\/www.egemtv.com\/index.php?rest_route=\/wp\/v2\/types\/post"}],"author":[{"embeddable":true,"href":"https:\/\/www.egemtv.com\/index.php?rest_route=\/wp\/v2\/users\/1"}],"replies":[{"embeddable":true,"href":"https:\/\/www.egemtv.com\/index.php?rest_route=%2Fwp%2Fv2%2Fcomments&post=55026"}],"version-history":[{"count":1,"href":"https:\/\/www.egemtv.com\/index.php?rest_route=\/wp\/v2\/posts\/55026\/revisions"}],"predecessor-version":[{"id":55028,"href":"https:\/\/www.egemtv.com\/index.php?rest_route=\/wp\/v2\/posts\/55026\/revisions\/55028"}],"wp:featuredmedia":[{"embeddable":true,"href":"https:\/\/www.egemtv.com\/index.php?rest_route=\/wp\/v2\/media\/55027"}],"wp:attachment":[{"href":"https:\/\/www.egemtv.com\/index.php?rest_route=%2Fwp%2Fv2%2Fmedia&parent=55026"}],"wp:term":[{"taxonomy":"category","embeddable":true,"href":"https:\/\/www.egemtv.com\/index.php?rest_route=%2Fwp%2Fv2%2Fcategories&post=55026"},{"taxonomy":"post_tag","embeddable":true,"href":"https:\/\/www.egemtv.com\/index.php?rest_route=%2Fwp%2Fv2%2Ftags&post=55026"}],"curies":[{"name":"wp","href":"https:\/\/api.w.org\/{rel}","templated":true}]}}