{"id":55023,"date":"2025-09-15T15:14:52","date_gmt":"2025-09-15T12:14:52","guid":{"rendered":"https:\/\/www.egemtv.com\/?p=55023"},"modified":"2025-09-15T15:14:54","modified_gmt":"2025-09-15T12:14:54","slug":"mentesenin-6-mahallesine-kesintisiz-su","status":"publish","type":"post","link":"https:\/\/www.egemtv.com\/?p=55023","title":{"rendered":"Mente\u015fe\u2019nin 6 Mahallesine kesintisiz su"},"content":{"rendered":"<p>Mu\u011fla B\u00fcy\u00fck\u015fehir Belediyesi MUSK\u0130 ekipleri Mente\u015fe \u0130l\u00e7esinde su yetersizli\u011fi nedeniyle d\u00f6n\u00fc\u015f\u00fcml\u00fc su verilen 6 Mahalle i\u00e7in yapt\u0131\u011f\u0131 \u00e7al\u0131\u015fmalarla bu b\u00f6lgelere kesintisiz su sa\u011flad\u0131. Sandras su kayna\u011f\u0131nda yap\u0131lan iyile\u015ftirme ve yeni i\u00e7me suyu hat \u00e7al\u0131\u015fmalar\u0131 ile bu b\u00f6lgelere kal\u0131c\u0131 olarak i\u00e7me suyu sa\u011fland\u0131.<br \/>\n<br \/>\u0130l genelinde i\u00e7me suyu altyap\u0131s\u0131n\u0131 g\u00fc\u00e7lendirmek i\u00e7in \u00e7al\u0131\u015fmalar\u0131na devam eden MUSK\u0130 ekipleri son olarak Mente\u015fe\u2019de su yetersizli\u011fi nedeniyle d\u00f6n\u00fc\u015f\u00fcml\u00fc su verilen 6 mahalleyi kesintisiz i\u00e7me suyuna kavu\u015fturdu. Sandras kaynaklar\u0131nda yap\u0131lan iyile\u015ftirme ve yeni i\u00e7me suyu hat \u00e7al\u0131\u015fmalar\u0131 ile 6 mahalledeki d\u00f6n\u00fc\u015f\u00fcml\u00fc su uygulamas\u0131 sona erdi.<br \/>\n<br \/>Sandras Da\u011f\u0131 kaynaklar\u0131nda iyile\u015ftirme<br \/>\n<br \/>Karaca\u00f6ren, Y\u00f6r\u00fcko\u011flu, Muratlar, Gazeller, Ta\u015fl\u0131 ve Fad\u0131l Mahallelerini besleyen Sandras Da\u011f\u0131 Ak\u00e7aalan ve Doruk kaynaklar\u0131nda iyile\u015ftirme \u00e7al\u0131\u015fmalar\u0131 tamamland\u0131. Suyun topland\u0131\u011f\u0131 ve depolara aktar\u0131ld\u0131\u011f\u0131 yerler olan kaptajlarda ger\u00e7ekle\u015ftirilen \u00e7al\u0131\u015fmalar i\u015fe yarad\u0131.<br \/>\n<br \/>\u00c7al\u0131\u015fmalar kapsam\u0131nda: 9 yeni su \u00e7\u0131k\u0131\u015f noktas\u0131na kaptaj imalat\u0131, 4 yeni kaptaj \u00e7al\u0131\u015fmas\u0131, 2 km\u2019lik i\u00e7me suyu isale hatt\u0131 yap\u0131m\u0131, ger\u00e7ekle\u015ftirilerek Il\u0131ca kaynaklar\u0131 sisteme dahil edildi.<br \/>\n<br \/>Sisteme g\u00fcnl\u00fck 2 bin 500 ki\u015fiye yetebilecek miktarda su ilave edildi<br \/>\n<br \/>\u0130\u00e7me suyu kaynaklar\u0131nda yap\u0131lan iyile\u015ftirmelerle sisteme saniyede 8 lt ilave su kazand\u0131r\u0131ld\u0131. B\u00f6ylece 6 mahallede ya\u015fanan su kesintilerinin \u00f6n\u00fcne ge\u00e7ildi ve vatanda\u015flara daha g\u00fcvenli su temini sa\u011fland\u0131. Sisteme yeni kazand\u0131r\u0131lan su miktar\u0131n\u0131n ise g\u00fcnl\u00fck 2 bin 500 ki\u015fiye yetebilecek miktarda oldu\u011fu belirtildi. Projenin devam\u0131nda ise 500 metrelik ana isale hatt\u0131n\u0131n yenilenmesi planlan\u0131yor. Bu hatt\u0131n da tamamlanmas\u0131yla birlikte \u00e7al\u0131\u015fmalar b\u00fct\u00fcn\u00fcyle hayata ge\u00e7irilmi\u015f olacak.<br \/>\n<br \/>MUSK\u0130 \u0130kinci B\u00f6lge \u0130\u015fletme Daire Ba\u015fkanl\u0131\u011f\u0131 \u015fefi \u00d6zcan \u00c7\u0131nar, &#8220;Karac\u00f6ren Mahallesi Sandraz, Mevki, Doruk 1, Doruk 2 kaynaklar\u0131, Ak\u00e7alan kaynaklar\u0131nda iyile\u015ftirme yapmak i\u00e7in bu alanda \u00e7al\u0131\u015fma yapmaktay\u0131z. \u00c7al\u0131\u015fma kapsam\u0131nda Karac\u00f6ren Mahallesi, Y\u00f6r\u00fcko\u011flu, Gazeller, Muratlar, Ta\u015fl\u0131ca, Fad\u0131l Mahalleleri bu \u00e7al\u0131\u015fmam\u0131zdan faydalanacakt\u0131r. Faydalanan mahallelerde d\u00f6n\u00fc\u015f\u00fcml\u00fc su vermek zorunda kal\u0131yorduk kaynaklardaki azl\u0131ktan dolay\u0131. \u015eu anda alt\u0131 mahallemize de kesintisiz su vermekteyiz. \u00c7al\u0131\u015fma kapsam\u0131nda 10 kapta\u015f noktas\u0131nda iyile\u015ftirme ve yeni kaynak ilaveleri yapt\u0131k. 8 litre saniye gibi bir debi sisteme dahil edildi. \u00d6n\u00fcm\u00fczdeki y\u0131llarda bu mahallelerde su kesintisinin olmayaca\u011f\u0131n\u0131 \u00fcmit ediyoruz&#8221;<br \/><\/p>\n","protected":false},"excerpt":{"rendered":"<p>Mu\u011fla B\u00fcy\u00fck\u015fehir Belediyesi MUSK\u0130 ekipleri Mente\u015fe \u0130l\u00e7esinde su yetersizli\u011fi nedeniyle d\u00f6n\u00fc\u015f\u00fcml\u00fc su verilen 6 Mahalle i\u00e7in yapt\u0131\u011f\u0131 \u00e7al\u0131\u015fmalarla bu b\u00f6lgelere kesintisiz su sa\u011flad\u0131. Sandras su kayna\u011f\u0131nda yap\u0131lan iyile\u015ftirme ve yeni i\u00e7me suyu hat \u00e7al\u0131\u015fmalar\u0131 ile bu b\u00f6lgelere kal\u0131c\u0131 olarak i\u00e7me suyu sa\u011fland\u0131. \u0130l genelinde i\u00e7me suyu altyap\u0131s\u0131n\u0131 g\u00fc\u00e7lendirmek i\u00e7in \u00e7al\u0131\u015fmalar\u0131na devam eden MUSK\u0130 ekipleri son&#8230;<\/p>\n","protected":false},"author":1,"featured_media":55024,"comment_status":"open","ping_status":"open","sticky":false,"template":"","format":"standard","meta":{"_crdt_document":"","footnotes":""},"categories":[2],"tags":[],"class_list":["post-55023","post","type-post","status-publish","format-standard","has-post-thumbnail","hentry","category-saglik"],"_links":{"self":[{"href":"https:\/\/www.egemtv.com\/index.php?rest_route=\/wp\/v2\/posts\/55023","targetHints":{"allow":["GET"]}}],"collection":[{"href":"https:\/\/www.egemtv.com\/index.php?rest_route=\/wp\/v2\/posts"}],"about":[{"href":"https:\/\/www.egemtv.com\/index.php?rest_route=\/wp\/v2\/types\/post"}],"author":[{"embeddable":true,"href":"https:\/\/www.egemtv.com\/index.php?rest_route=\/wp\/v2\/users\/1"}],"replies":[{"embeddable":true,"href":"https:\/\/www.egemtv.com\/index.php?rest_route=%2Fwp%2Fv2%2Fcomments&post=55023"}],"version-history":[{"count":1,"href":"https:\/\/www.egemtv.com\/index.php?rest_route=\/wp\/v2\/posts\/55023\/revisions"}],"predecessor-version":[{"id":55025,"href":"https:\/\/www.egemtv.com\/index.php?rest_route=\/wp\/v2\/posts\/55023\/revisions\/55025"}],"wp:featuredmedia":[{"embeddable":true,"href":"https:\/\/www.egemtv.com\/index.php?rest_route=\/wp\/v2\/media\/55024"}],"wp:attachment":[{"href":"https:\/\/www.egemtv.com\/index.php?rest_route=%2Fwp%2Fv2%2Fmedia&parent=55023"}],"wp:term":[{"taxonomy":"category","embeddable":true,"href":"https:\/\/www.egemtv.com\/index.php?rest_route=%2Fwp%2Fv2%2Fcategories&post=55023"},{"taxonomy":"post_tag","embeddable":true,"href":"https:\/\/www.egemtv.com\/index.php?rest_route=%2Fwp%2Fv2%2Ftags&post=55023"}],"curies":[{"name":"wp","href":"https:\/\/api.w.org\/{rel}","templated":true}]}}