{"id":55020,"date":"2025-09-15T15:14:51","date_gmt":"2025-09-15T12:14:51","guid":{"rendered":"https:\/\/www.egemtv.com\/?p=55020"},"modified":"2025-09-15T15:14:52","modified_gmt":"2025-09-15T12:14:52","slug":"akhisarda-orkoy-projeleri-yerinde-incelendi","status":"publish","type":"post","link":"https:\/\/www.egemtv.com\/?p=55020","title":{"rendered":"Akhisar\u2019da ORK\u00d6Y Projeleri yerinde incelendi"},"content":{"rendered":"<p>Manisa\u2019n\u0131n Akhisar il\u00e7esine ba\u011fl\u0131 Arabac\u0131bozk\u00f6y Mahallesi\u2019nde mahalle sakinlerinin ya\u015fam kalitesini artt\u0131rmak ve enerji verimlili\u011fi sa\u011flanmas\u0131 amac\u0131yla hayata ge\u00e7irilen Orman ve K\u00f6y \u0130li\u015fkileri (ORK\u00d6Y) projesi kapsam\u0131nda yap\u0131m\u0131 tamamlanan d\u0131\u015f cephe mantolamalar\u0131 yerinde incelendi.<br \/>\n<br \/>Manisa\u2019n\u0131n Akhisar il\u00e7esine ba\u011fl\u0131 Arabac\u0131bozk\u00f6y Mahallesi\u2019nde, 2021 y\u0131l\u0131nda ORK\u00d6Y kapsam\u0131nda ba\u015flat\u0131lan d\u0131\u015f cephe mantolama projeleri ba\u015far\u0131yla tamamland\u0131. Bug\u00fcne kadar 24 haneye uygulanan projeler, k\u00f6y sakinlerinin ya\u015fam standartlar\u0131n\u0131 y\u00fckseltirken, enerji tasarrufuna da katk\u0131 sa\u011flad\u0131. Yap\u0131lan kontrol ve ziyaret kapsam\u0131nda projeler yerinde incelendi. \u0130ncelemelere, D\u00fcnya Bankas\u0131\u2019ndan Sameh Wahba ve Denis Jordy, Tar\u0131m ve Orman Projelerinden Sorumlu Bora S\u00fcrmeli, Tar\u0131m Ekonomisti Canan Y\u0131ld\u0131z, \u0130zmir ORK\u00d6Y \u015eube M\u00fcd\u00fcr\u00fc Zulal Tatan, Akhisar Orman \u0130\u015fletme M\u00fcd\u00fcr\u00fc Yavuz Selim Sa\u011flam ve ORK\u00d6Y \u015eefi Taliha Ayan kat\u0131ld\u0131.<br \/>\n<br \/>Arabac\u0131bozk\u00f6y Mahalle Muhtar\u0131 \u00d6zcan Demirel, projelerden duydu\u011fu memnuniyeti dile getirerek, &#8220;Hanelerimiz i\u00e7in \u00e7ok faydal\u0131 bir \u00e7al\u0131\u015fma oldu. 2026 y\u0131l\u0131nda da projelerin devam etmesini istiyoruz&#8221; dedi.<br \/><\/p>\n","protected":false},"excerpt":{"rendered":"<p>Manisa\u2019n\u0131n Akhisar il\u00e7esine ba\u011fl\u0131 Arabac\u0131bozk\u00f6y Mahallesi\u2019nde mahalle sakinlerinin ya\u015fam kalitesini artt\u0131rmak ve enerji verimlili\u011fi sa\u011flanmas\u0131 amac\u0131yla hayata ge\u00e7irilen Orman ve K\u00f6y \u0130li\u015fkileri (ORK\u00d6Y) projesi kapsam\u0131nda yap\u0131m\u0131 tamamlanan d\u0131\u015f cephe mantolamalar\u0131 yerinde incelendi. Manisa\u2019n\u0131n Akhisar il\u00e7esine ba\u011fl\u0131 Arabac\u0131bozk\u00f6y Mahallesi\u2019nde, 2021 y\u0131l\u0131nda ORK\u00d6Y kapsam\u0131nda ba\u015flat\u0131lan d\u0131\u015f cephe mantolama projeleri ba\u015far\u0131yla tamamland\u0131. Bug\u00fcne kadar 24 haneye uygulanan projeler,&#8230;<\/p>\n","protected":false},"author":1,"featured_media":55021,"comment_status":"open","ping_status":"open","sticky":false,"template":"","format":"standard","meta":{"_crdt_document":"","footnotes":""},"categories":[1],"tags":[],"class_list":["post-55020","post","type-post","status-publish","format-standard","has-post-thumbnail","hentry","category-guncel"],"_links":{"self":[{"href":"https:\/\/www.egemtv.com\/index.php?rest_route=\/wp\/v2\/posts\/55020","targetHints":{"allow":["GET"]}}],"collection":[{"href":"https:\/\/www.egemtv.com\/index.php?rest_route=\/wp\/v2\/posts"}],"about":[{"href":"https:\/\/www.egemtv.com\/index.php?rest_route=\/wp\/v2\/types\/post"}],"author":[{"embeddable":true,"href":"https:\/\/www.egemtv.com\/index.php?rest_route=\/wp\/v2\/users\/1"}],"replies":[{"embeddable":true,"href":"https:\/\/www.egemtv.com\/index.php?rest_route=%2Fwp%2Fv2%2Fcomments&post=55020"}],"version-history":[{"count":1,"href":"https:\/\/www.egemtv.com\/index.php?rest_route=\/wp\/v2\/posts\/55020\/revisions"}],"predecessor-version":[{"id":55022,"href":"https:\/\/www.egemtv.com\/index.php?rest_route=\/wp\/v2\/posts\/55020\/revisions\/55022"}],"wp:featuredmedia":[{"embeddable":true,"href":"https:\/\/www.egemtv.com\/index.php?rest_route=\/wp\/v2\/media\/55021"}],"wp:attachment":[{"href":"https:\/\/www.egemtv.com\/index.php?rest_route=%2Fwp%2Fv2%2Fmedia&parent=55020"}],"wp:term":[{"taxonomy":"category","embeddable":true,"href":"https:\/\/www.egemtv.com\/index.php?rest_route=%2Fwp%2Fv2%2Fcategories&post=55020"},{"taxonomy":"post_tag","embeddable":true,"href":"https:\/\/www.egemtv.com\/index.php?rest_route=%2Fwp%2Fv2%2Ftags&post=55020"}],"curies":[{"name":"wp","href":"https:\/\/api.w.org\/{rel}","templated":true}]}}