{"id":55017,"date":"2025-09-15T14:55:08","date_gmt":"2025-09-15T11:55:08","guid":{"rendered":"https:\/\/www.egemtv.com\/?p=55017"},"modified":"2025-09-15T14:55:09","modified_gmt":"2025-09-15T11:55:09","slug":"ogrencilerin-seydikemerdeki-guvenli-evi","status":"publish","type":"post","link":"https:\/\/www.egemtv.com\/?p=55017","title":{"rendered":"\u00d6\u011frencilerin Seydikemer\u2019deki g\u00fcvenli evi"},"content":{"rendered":"<p>Devlet yurdu bulunmayan Seydikemer\u2019de, \u00fcniversite e\u011fitimi i\u00e7in il\u00e7eye gelen \u00f6\u011frencilerin bar\u0131nma ihtiyac\u0131na y\u00f6nelik \u00f6nemli bir ad\u0131m at\u0131ld\u0131. Mu\u011fla B\u00fcy\u00fck\u015fehir Belediyesi taraf\u0131ndan hayata ge\u00e7irilen Seydikemer Gen\u00e7lik Evi, modern yap\u0131s\u0131, konforlu ya\u015fam alanlar\u0131yla gen\u00e7lere g\u00fcvenli ve uygun \u015fartlarda bar\u0131nma imk\u00e2n\u0131 sunuyor.<br \/>\n<br \/>Haziran ay\u0131nda a\u00e7\u0131l\u0131\u015f t\u00f6reniyle faaliyete ba\u015flayan Seydikemer Gen\u00e7lik Evi, \u00fcniversitelerin ders ba\u015f\u0131 yapmas\u0131yla birlikte \u00f6\u011frencilerden yo\u011fun ilgi g\u00f6rd\u00fc. Hakk\u00e2ri, Gaziantep, Ayd\u0131n, \u0130zmir gibi \u015fehirlerden okumaya gelen \u00f6\u011frencilerin ilk tercihi uygun fiyat\u0131 ve konforu ile Seydikemer Gen\u00e7lik Evi oldu.<br \/>\n<br \/>\u00d6\u011frencilere konforlu ve modern bar\u0131nma alanlar\u0131<br \/>\n<br \/>Seydikemer Cumhuriyet Mahallesinde yer alan tesis, k\u0131z ve erkek \u00f6\u011frenciler i\u00e7in 1+1 (iki ki\u015filik) ve 2+1 (\u00fc\u00e7 ki\u015filik) dairelerden olu\u015fuyor. Her dairede en az 15 metrekare ya\u015fam alan\u0131 sunulurken, \u00f6\u011frencilerin konforu i\u00e7in t\u00fcm detaylar titizlikle planland\u0131. Yayl\u0131 yatak, elbise dolab\u0131, \u00e7al\u0131\u015fma masas\u0131, yemek masas\u0131, mutfak gere\u00e7leri, f\u0131r\u0131n, ocak, davlumbaz, buzdolab\u0131, \u00e7ama\u015f\u0131r makinesi, klima, kesintisiz s\u0131cak su, y\u00fcksek h\u0131zl\u0131 internet ve merkezi uydu sistemi gibi donan\u0131mlara sahip olan \u00f6\u011frenci evinde 24 saat g\u00fcvenlik hizmeti ve kamera sistemi de bulunuyor.<br \/>\n<br \/>Fiziksel yap\u0131s\u0131yla \u00f6\u011frencilere konforlu bir ya\u015fam alan\u0131 sunan gen\u00e7lik evinde, mozaik, seramik, ya\u011fl\u0131 boya ve ebru gibi sanat dallar\u0131na y\u00f6nelik \u00e7al\u0131\u015fmalar\u0131n yap\u0131labildi\u011fi sosyal hizmet at\u00f6lyesi de \u00f6\u011frencilerin kullan\u0131m\u0131na sunuldu.<br \/>\n<br \/>Ba\u015fkan Aras: &#8220;Gen\u00e7lerimizin yan\u0131nday\u0131z&#8221;<br \/>\n<br \/>K\u0131y\u0131 Ege Belediyeler Birli\u011fi ve Mu\u011fla B\u00fcy\u00fck\u015fehir Belediye Ba\u015fkan\u0131 Ahmet Aras, Seydikemer Gen\u00e7lik Evi ile ilgili \u015funlar\u0131 s\u00f6yledi: &#8220;Gen\u00e7lerimiz bizim gelece\u011fimiz, en k\u0131ymetli de\u011ferimiz. Seydikemer\u2019de devlet yurdu olmad\u0131\u011f\u0131 i\u00e7in \u00fcniversiteye gelen \u00f6\u011frencilerimizin en b\u00fcy\u00fck sorunu bar\u0131nmayd\u0131. Biz B\u00fcy\u00fck\u015fehir Belediyesi olarak bu ihtiyaca kay\u0131ts\u0131z kalamazd\u0131k. Hayata ge\u00e7irdi\u011fimiz Gen\u00e7lik Evi ile \u00f6\u011frencilerimize hem g\u00fcvenli hem de modern bir ya\u015fam alan\u0131 sa\u011flad\u0131k. Burada \u00f6\u011frencilerimizin sadece ba\u015flar\u0131n\u0131 sokacaklar\u0131 bir yer de\u011fil, ayn\u0131 zamanda kendilerini geli\u015ftirebilecekleri sosyal alanlar da olu\u015fturduk. E\u011fitim hayatlar\u0131nda ba\u015far\u0131ya giden yolda onlar\u0131n yan\u0131nda olmaya devam edece\u011fiz&#8221; dedi.<br \/><\/p>\n","protected":false},"excerpt":{"rendered":"<p>Devlet yurdu bulunmayan Seydikemer\u2019de, \u00fcniversite e\u011fitimi i\u00e7in il\u00e7eye gelen \u00f6\u011frencilerin bar\u0131nma ihtiyac\u0131na y\u00f6nelik \u00f6nemli bir ad\u0131m at\u0131ld\u0131. Mu\u011fla B\u00fcy\u00fck\u015fehir Belediyesi taraf\u0131ndan hayata ge\u00e7irilen Seydikemer Gen\u00e7lik Evi, modern yap\u0131s\u0131, konforlu ya\u015fam alanlar\u0131yla gen\u00e7lere g\u00fcvenli ve uygun \u015fartlarda bar\u0131nma imk\u00e2n\u0131 sunuyor. Haziran ay\u0131nda a\u00e7\u0131l\u0131\u015f t\u00f6reniyle faaliyete ba\u015flayan Seydikemer Gen\u00e7lik Evi, \u00fcniversitelerin ders ba\u015f\u0131 yapmas\u0131yla birlikte \u00f6\u011frencilerden yo\u011fun&#8230;<\/p>\n","protected":false},"author":1,"featured_media":55018,"comment_status":"open","ping_status":"open","sticky":false,"template":"","format":"standard","meta":{"_crdt_document":"","footnotes":""},"categories":[1],"tags":[],"class_list":["post-55017","post","type-post","status-publish","format-standard","has-post-thumbnail","hentry","category-guncel"],"_links":{"self":[{"href":"https:\/\/www.egemtv.com\/index.php?rest_route=\/wp\/v2\/posts\/55017","targetHints":{"allow":["GET"]}}],"collection":[{"href":"https:\/\/www.egemtv.com\/index.php?rest_route=\/wp\/v2\/posts"}],"about":[{"href":"https:\/\/www.egemtv.com\/index.php?rest_route=\/wp\/v2\/types\/post"}],"author":[{"embeddable":true,"href":"https:\/\/www.egemtv.com\/index.php?rest_route=\/wp\/v2\/users\/1"}],"replies":[{"embeddable":true,"href":"https:\/\/www.egemtv.com\/index.php?rest_route=%2Fwp%2Fv2%2Fcomments&post=55017"}],"version-history":[{"count":1,"href":"https:\/\/www.egemtv.com\/index.php?rest_route=\/wp\/v2\/posts\/55017\/revisions"}],"predecessor-version":[{"id":55019,"href":"https:\/\/www.egemtv.com\/index.php?rest_route=\/wp\/v2\/posts\/55017\/revisions\/55019"}],"wp:featuredmedia":[{"embeddable":true,"href":"https:\/\/www.egemtv.com\/index.php?rest_route=\/wp\/v2\/media\/55018"}],"wp:attachment":[{"href":"https:\/\/www.egemtv.com\/index.php?rest_route=%2Fwp%2Fv2%2Fmedia&parent=55017"}],"wp:term":[{"taxonomy":"category","embeddable":true,"href":"https:\/\/www.egemtv.com\/index.php?rest_route=%2Fwp%2Fv2%2Fcategories&post=55017"},{"taxonomy":"post_tag","embeddable":true,"href":"https:\/\/www.egemtv.com\/index.php?rest_route=%2Fwp%2Fv2%2Ftags&post=55017"}],"curies":[{"name":"wp","href":"https:\/\/api.w.org\/{rel}","templated":true}]}}