{"id":55014,"date":"2025-09-15T14:55:07","date_gmt":"2025-09-15T11:55:07","guid":{"rendered":"https:\/\/www.egemtv.com\/?p=55014"},"modified":"2025-09-15T14:55:08","modified_gmt":"2025-09-15T11:55:08","slug":"buyuksehirden-saglikli-ve-temiz-cevre-icin-yogun-mesai","status":"publish","type":"post","link":"https:\/\/www.egemtv.com\/?p=55014","title":{"rendered":"B\u00fcy\u00fck\u015fehir\u2019den sa\u011fl\u0131kl\u0131 ve temiz \u00e7evre i\u00e7in yo\u011fun mesai"},"content":{"rendered":"<p>Cadde, sokak, bulvar ve liman gibi kamusal alanlarda ger\u00e7ekle\u015ftirilen faaliyetlerde; b\u00fcy\u00fck yol s\u00fcp\u00fcrme ara\u00e7lar\u0131, k\u00fc\u00e7\u00fck s\u00fcp\u00fcrge ara\u00e7lar\u0131, araz\u00f6z, \u00e7\u00f6p taksi ve vidanj\u00f6rlerin yan\u0131 s\u0131ra \u00e7ok say\u0131da ekipman g\u00f6rev al\u0131yor. \u00c7al\u0131\u015fmalarda ayr\u0131ca kent mobilyalar\u0131n\u0131n da temizli\u011fi titizlikle yap\u0131l\u0131yor. \u00c7al\u0131\u015fmalar, il genelinde planl\u0131 bir \u015fekilde devam ediyor ve t\u00fcm kamusal alanlarda d\u00fczenli olarak ger\u00e7ekle\u015ftiriliyor.<br \/>\n<br \/>Karaku\u015f: &#8220;T\u00fcm il\u00e7elerimizde temizlik \u00e7al\u0131\u015fmalar\u0131m\u0131za devam ediyoruz&#8221;<br \/>\n<br \/>Mu\u011fla B\u00fcy\u00fck\u015fehir Belediyesi \u00c7evre Koruma ve Kontrol Dairesi Ba\u015fkan\u0131 Mehmet Berkem Karaku\u015f, y\u00fcr\u00fct\u00fclen \u00e7al\u0131\u015fmalara ili\u015fkin \u015funlar\u0131 s\u00f6yledi: &#8220;Mu\u011fla B\u00fcy\u00fck\u015fehir Belediyesi olarak cadde, sokak, bulvar ve limanlarda derinlemesine temizlik \u00e7al\u0131\u015fmalar\u0131 ba\u015flatt\u0131k. Mente\u015fe\u2019de ba\u015flayan uygulamam\u0131z, k\u0131sa s\u00fcre i\u00e7erisinde 13 il\u00e7emizin tamam\u0131nda hayata ge\u00e7irilecek. Belediye Ba\u015fkan\u0131m\u0131z Say\u0131n Ahmet Aras\u2019\u0131n \u00e7evreye verdi\u011fi \u00f6nem do\u011frultusunda planl\u0131 ve tasarruflu bir \u015fekilde \u00e7al\u0131\u015fmalar\u0131m\u0131z\u0131 s\u00fcrd\u00fcr\u00fcyoruz&#8221;<br \/>\n<br \/>Ba\u015fkan Aras: &#8220;Kentimizi daha temiz bir gelece\u011fe ta\u015f\u0131yoruz&#8221;<br \/>\n<br \/>K\u0131y\u0131 Ege Belediyeler Birli\u011fi ve Mu\u011fla B\u00fcy\u00fck\u015fehir Belediye Ba\u015fkan\u0131 Ahmet Aras, kent temizli\u011fi \u00e7al\u0131\u015fmalar\u0131na ili\u015fkin yapt\u0131\u011f\u0131 de\u011ferlendirmede, &#8220;Mu\u011fla, do\u011fas\u0131 ve tarihiyle d\u00fcnyan\u0131n en \u00f6zel \u015fehirlerinden biri. Biz bu e\u015fsiz miras\u0131 gelecek ku\u015faklara en sa\u011fl\u0131kl\u0131 haliyle aktarmak zorunday\u0131z. Temizlik sadece estetik bir unsur de\u011fil, ayn\u0131 zamanda sa\u011fl\u0131kl\u0131 bir ya\u015fam\u0131n ve \u00e7evreye duyarl\u0131 bir belediyecilik anlay\u0131\u015f\u0131n\u0131n gere\u011fidir. Bu bilin\u00e7le 13 il\u00e7emizde kapsaml\u0131 \u00e7al\u0131\u015fmalar\u0131m\u0131z\u0131 s\u00fcrd\u00fcr\u00fcyor, kentimizi daha temiz, d\u00fczenli ve ya\u015fanabilir bir gelece\u011fe ta\u015f\u0131yoruz&#8221; dedi.<br \/><\/p>\n","protected":false},"excerpt":{"rendered":"<p>Cadde, sokak, bulvar ve liman gibi kamusal alanlarda ger\u00e7ekle\u015ftirilen faaliyetlerde; b\u00fcy\u00fck yol s\u00fcp\u00fcrme ara\u00e7lar\u0131, k\u00fc\u00e7\u00fck s\u00fcp\u00fcrge ara\u00e7lar\u0131, araz\u00f6z, \u00e7\u00f6p taksi ve vidanj\u00f6rlerin yan\u0131 s\u0131ra \u00e7ok say\u0131da ekipman g\u00f6rev al\u0131yor. \u00c7al\u0131\u015fmalarda ayr\u0131ca kent mobilyalar\u0131n\u0131n da temizli\u011fi titizlikle yap\u0131l\u0131yor. \u00c7al\u0131\u015fmalar, il genelinde planl\u0131 bir \u015fekilde devam ediyor ve t\u00fcm kamusal alanlarda d\u00fczenli olarak ger\u00e7ekle\u015ftiriliyor. Karaku\u015f: &#8220;T\u00fcm il\u00e7elerimizde&#8230;<\/p>\n","protected":false},"author":1,"featured_media":55015,"comment_status":"open","ping_status":"open","sticky":false,"template":"","format":"standard","meta":{"_crdt_document":"","footnotes":""},"categories":[1],"tags":[],"class_list":["post-55014","post","type-post","status-publish","format-standard","has-post-thumbnail","hentry","category-guncel"],"_links":{"self":[{"href":"https:\/\/www.egemtv.com\/index.php?rest_route=\/wp\/v2\/posts\/55014","targetHints":{"allow":["GET"]}}],"collection":[{"href":"https:\/\/www.egemtv.com\/index.php?rest_route=\/wp\/v2\/posts"}],"about":[{"href":"https:\/\/www.egemtv.com\/index.php?rest_route=\/wp\/v2\/types\/post"}],"author":[{"embeddable":true,"href":"https:\/\/www.egemtv.com\/index.php?rest_route=\/wp\/v2\/users\/1"}],"replies":[{"embeddable":true,"href":"https:\/\/www.egemtv.com\/index.php?rest_route=%2Fwp%2Fv2%2Fcomments&post=55014"}],"version-history":[{"count":1,"href":"https:\/\/www.egemtv.com\/index.php?rest_route=\/wp\/v2\/posts\/55014\/revisions"}],"predecessor-version":[{"id":55016,"href":"https:\/\/www.egemtv.com\/index.php?rest_route=\/wp\/v2\/posts\/55014\/revisions\/55016"}],"wp:featuredmedia":[{"embeddable":true,"href":"https:\/\/www.egemtv.com\/index.php?rest_route=\/wp\/v2\/media\/55015"}],"wp:attachment":[{"href":"https:\/\/www.egemtv.com\/index.php?rest_route=%2Fwp%2Fv2%2Fmedia&parent=55014"}],"wp:term":[{"taxonomy":"category","embeddable":true,"href":"https:\/\/www.egemtv.com\/index.php?rest_route=%2Fwp%2Fv2%2Fcategories&post=55014"},{"taxonomy":"post_tag","embeddable":true,"href":"https:\/\/www.egemtv.com\/index.php?rest_route=%2Fwp%2Fv2%2Ftags&post=55014"}],"curies":[{"name":"wp","href":"https:\/\/api.w.org\/{rel}","templated":true}]}}