{"id":55008,"date":"2025-09-15T14:55:05","date_gmt":"2025-09-15T11:55:05","guid":{"rendered":"https:\/\/www.egemtv.com\/?p=55008"},"modified":"2025-09-15T14:55:06","modified_gmt":"2025-09-15T11:55:06","slug":"teknoloji-paylasildi-egitimde-firsat-esitligi-guclendi","status":"publish","type":"post","link":"https:\/\/www.egemtv.com\/?p=55008","title":{"rendered":"Teknoloji payla\u015f\u0131ld\u0131, e\u011fitimde f\u0131rsat e\u015fitli\u011fi g\u00fc\u00e7lendi"},"content":{"rendered":"<p>Manisa\u2019n\u0131n Soma il\u00e7esinde okullar aras\u0131nda dayan\u0131\u015fma \u00f6rne\u011fi sergilenerek, etkile\u015fimli tahtalar ihtiya\u00e7 duyulan okullara ula\u015ft\u0131r\u0131ld\u0131.<br \/>\n<br \/>Manisa\u2019n\u0131n Soma il\u00e7esinde, e\u011fitimde f\u0131rsat e\u015fitli\u011fini sa\u011flamak amac\u0131yla okullar aras\u0131nda i\u015f birli\u011fi ger\u00e7ekle\u015ftirildi. Sabri Balc\u0131 \u0130lkokulu\u2019ndan al\u0131nan etkile\u015fimli tahtalar, Ayhan \u015eahenk \u0130lkokulu \u00f6\u011fretmenlerinin deste\u011fi ile Yukar\u0131 Avdan \u0130lkokulu ve Hac\u0131 Yusuf \u00d6zt\u00fcre \u0130lkokulu\u2019na nakledildi.<br \/>\n<br \/>Soma \u0130l\u00e7e Milli E\u011fitim M\u00fcd\u00fcrl\u00fc\u011f\u00fc taraf\u0131ndan y\u00fcr\u00fct\u00fclen \u00e7al\u0131\u015fma kapsam\u0131nda, teknolojik e\u011fitim ara\u00e7lar\u0131n\u0131n daha verimli kullan\u0131labilmesi i\u00e7in yeni d\u00fczenlemeler yap\u0131ld\u0131. M\u00fcd\u00fcrl\u00fck yetkilileri, &#8220;E\u011fitimde f\u0131rsat e\u015fitli\u011fini sa\u011flamak ve her \u00f6\u011frencimizin ayn\u0131 imkanlardan yararlanmas\u0131n\u0131 temin etmek i\u00e7in \u00e7al\u0131\u015fmalar\u0131m\u0131z\u0131 s\u00fcrd\u00fcr\u00fcyoruz. Bu s\u00fcre\u00e7te destek veren Ayhan \u015eahenk \u0130lkokulu \u00f6\u011fretmenlerimize te\u015fekk\u00fcr ediyoruz.&#8221; ifadelerine yer verdi.<br \/><\/p>\n","protected":false},"excerpt":{"rendered":"<p>Manisa\u2019n\u0131n Soma il\u00e7esinde okullar aras\u0131nda dayan\u0131\u015fma \u00f6rne\u011fi sergilenerek, etkile\u015fimli tahtalar ihtiya\u00e7 duyulan okullara ula\u015ft\u0131r\u0131ld\u0131. Manisa\u2019n\u0131n Soma il\u00e7esinde, e\u011fitimde f\u0131rsat e\u015fitli\u011fini sa\u011flamak amac\u0131yla okullar aras\u0131nda i\u015f birli\u011fi ger\u00e7ekle\u015ftirildi. Sabri Balc\u0131 \u0130lkokulu\u2019ndan al\u0131nan etkile\u015fimli tahtalar, Ayhan \u015eahenk \u0130lkokulu \u00f6\u011fretmenlerinin deste\u011fi ile Yukar\u0131 Avdan \u0130lkokulu ve Hac\u0131 Yusuf \u00d6zt\u00fcre \u0130lkokulu\u2019na nakledildi. Soma \u0130l\u00e7e Milli E\u011fitim M\u00fcd\u00fcrl\u00fc\u011f\u00fc taraf\u0131ndan y\u00fcr\u00fct\u00fclen&#8230;<\/p>\n","protected":false},"author":1,"featured_media":55009,"comment_status":"open","ping_status":"open","sticky":false,"template":"","format":"standard","meta":{"_crdt_document":"","footnotes":""},"categories":[1],"tags":[],"class_list":["post-55008","post","type-post","status-publish","format-standard","has-post-thumbnail","hentry","category-guncel"],"_links":{"self":[{"href":"https:\/\/www.egemtv.com\/index.php?rest_route=\/wp\/v2\/posts\/55008","targetHints":{"allow":["GET"]}}],"collection":[{"href":"https:\/\/www.egemtv.com\/index.php?rest_route=\/wp\/v2\/posts"}],"about":[{"href":"https:\/\/www.egemtv.com\/index.php?rest_route=\/wp\/v2\/types\/post"}],"author":[{"embeddable":true,"href":"https:\/\/www.egemtv.com\/index.php?rest_route=\/wp\/v2\/users\/1"}],"replies":[{"embeddable":true,"href":"https:\/\/www.egemtv.com\/index.php?rest_route=%2Fwp%2Fv2%2Fcomments&post=55008"}],"version-history":[{"count":1,"href":"https:\/\/www.egemtv.com\/index.php?rest_route=\/wp\/v2\/posts\/55008\/revisions"}],"predecessor-version":[{"id":55010,"href":"https:\/\/www.egemtv.com\/index.php?rest_route=\/wp\/v2\/posts\/55008\/revisions\/55010"}],"wp:featuredmedia":[{"embeddable":true,"href":"https:\/\/www.egemtv.com\/index.php?rest_route=\/wp\/v2\/media\/55009"}],"wp:attachment":[{"href":"https:\/\/www.egemtv.com\/index.php?rest_route=%2Fwp%2Fv2%2Fmedia&parent=55008"}],"wp:term":[{"taxonomy":"category","embeddable":true,"href":"https:\/\/www.egemtv.com\/index.php?rest_route=%2Fwp%2Fv2%2Fcategories&post=55008"},{"taxonomy":"post_tag","embeddable":true,"href":"https:\/\/www.egemtv.com\/index.php?rest_route=%2Fwp%2Fv2%2Ftags&post=55008"}],"curies":[{"name":"wp","href":"https:\/\/api.w.org\/{rel}","templated":true}]}}