{"id":55002,"date":"2025-09-15T14:14:55","date_gmt":"2025-09-15T11:14:55","guid":{"rendered":"https:\/\/www.egemtv.com\/?p=55002"},"modified":"2025-09-15T14:14:56","modified_gmt":"2025-09-15T11:14:56","slug":"soke-sazli-kavsagi-yeniden-trafige-acildi","status":"publish","type":"post","link":"https:\/\/www.egemtv.com\/?p=55002","title":{"rendered":"S\u00f6ke Sazl\u0131 Kav\u015fa\u011f\u0131 yeniden trafi\u011fe a\u00e7\u0131ld\u0131"},"content":{"rendered":"<p>S\u00f6ke\u2019de Haziran ay\u0131 ba\u015f\u0131nda beton bariyerlerle kapat\u0131lan Sazl\u0131 I\u015f\u0131kl\u0131 Kav\u015fa\u011f\u0131, yeniden trafi\u011fe a\u00e7\u0131ld\u0131.<\/p>\n<p>S\u00f6ke-Milas Karayolu \u00fczerinde yaz sezonunda ya\u015fanan trafik yo\u011funlu\u011fu nedeniyle kapat\u0131lan kav\u015fak, \u00f6zellikle Sazl\u0131\u2019da ya\u015fayan vatanda\u015flar\u0131n tepkisini \u00e7ekmi\u015f, mahalle aras\u0131 sokaklarda trafik karma\u015fas\u0131na neden olmu\u015ftu. Yakla\u015fan pamuk hasat sezonu \u00f6ncesi a\u00e7\u0131lan kav\u015fak, \u00f6zellikle \u00e7ift\u00e7ilerin ula\u015f\u0131m\u0131n\u0131 kolayla\u015ft\u0131rarak b\u00fcy\u00fck bir rahatlama sa\u011flayacak.<\/p>\n<p>Kav\u015fa\u011f\u0131n yeniden a\u00e7\u0131lmas\u0131nda eme\u011fi ge\u00e7enlere te\u015fekk\u00fcr eden Sazl\u0131 Mahalle Muhtar\u0131 Hasan Kahraman, &#8220;\u00c7ift\u00e7ilerimiz i\u00e7in \u00e7ok \u00f6nemli bir sorun \u00e7\u00f6z\u00fclm\u00fc\u015f oldu&#8221; dedi.<br \/><\/p>\n","protected":false},"excerpt":{"rendered":"<p>S\u00f6ke\u2019de Haziran ay\u0131 ba\u015f\u0131nda beton bariyerlerle kapat\u0131lan Sazl\u0131 I\u015f\u0131kl\u0131 Kav\u015fa\u011f\u0131, yeniden trafi\u011fe a\u00e7\u0131ld\u0131. S\u00f6ke-Milas Karayolu \u00fczerinde yaz sezonunda ya\u015fanan trafik yo\u011funlu\u011fu nedeniyle kapat\u0131lan kav\u015fak, \u00f6zellikle Sazl\u0131\u2019da ya\u015fayan vatanda\u015flar\u0131n tepkisini \u00e7ekmi\u015f, mahalle aras\u0131 sokaklarda trafik karma\u015fas\u0131na neden olmu\u015ftu. Yakla\u015fan pamuk hasat sezonu \u00f6ncesi a\u00e7\u0131lan kav\u015fak, \u00f6zellikle \u00e7ift\u00e7ilerin ula\u015f\u0131m\u0131n\u0131 kolayla\u015ft\u0131rarak b\u00fcy\u00fck bir rahatlama sa\u011flayacak. Kav\u015fa\u011f\u0131n yeniden a\u00e7\u0131lmas\u0131nda&#8230;<\/p>\n","protected":false},"author":1,"featured_media":55003,"comment_status":"open","ping_status":"open","sticky":false,"template":"","format":"standard","meta":{"_crdt_document":"","footnotes":""},"categories":[1],"tags":[],"class_list":["post-55002","post","type-post","status-publish","format-standard","has-post-thumbnail","hentry","category-guncel"],"_links":{"self":[{"href":"https:\/\/www.egemtv.com\/index.php?rest_route=\/wp\/v2\/posts\/55002","targetHints":{"allow":["GET"]}}],"collection":[{"href":"https:\/\/www.egemtv.com\/index.php?rest_route=\/wp\/v2\/posts"}],"about":[{"href":"https:\/\/www.egemtv.com\/index.php?rest_route=\/wp\/v2\/types\/post"}],"author":[{"embeddable":true,"href":"https:\/\/www.egemtv.com\/index.php?rest_route=\/wp\/v2\/users\/1"}],"replies":[{"embeddable":true,"href":"https:\/\/www.egemtv.com\/index.php?rest_route=%2Fwp%2Fv2%2Fcomments&post=55002"}],"version-history":[{"count":1,"href":"https:\/\/www.egemtv.com\/index.php?rest_route=\/wp\/v2\/posts\/55002\/revisions"}],"predecessor-version":[{"id":55004,"href":"https:\/\/www.egemtv.com\/index.php?rest_route=\/wp\/v2\/posts\/55002\/revisions\/55004"}],"wp:featuredmedia":[{"embeddable":true,"href":"https:\/\/www.egemtv.com\/index.php?rest_route=\/wp\/v2\/media\/55003"}],"wp:attachment":[{"href":"https:\/\/www.egemtv.com\/index.php?rest_route=%2Fwp%2Fv2%2Fmedia&parent=55002"}],"wp:term":[{"taxonomy":"category","embeddable":true,"href":"https:\/\/www.egemtv.com\/index.php?rest_route=%2Fwp%2Fv2%2Fcategories&post=55002"},{"taxonomy":"post_tag","embeddable":true,"href":"https:\/\/www.egemtv.com\/index.php?rest_route=%2Fwp%2Fv2%2Ftags&post=55002"}],"curies":[{"name":"wp","href":"https:\/\/api.w.org\/{rel}","templated":true}]}}