{"id":54996,"date":"2025-09-15T13:54:55","date_gmt":"2025-09-15T10:54:55","guid":{"rendered":"https:\/\/www.egemtv.com\/?p=54996"},"modified":"2025-09-15T13:54:56","modified_gmt":"2025-09-15T10:54:56","slug":"milasta-zeytin-agaclari-tasinarak-yasatiliyor","status":"publish","type":"post","link":"https:\/\/www.egemtv.com\/?p=54996","title":{"rendered":"Milas\u2019ta zeytin a\u011fa\u00e7lar\u0131 ta\u015f\u0131narak ya\u015fat\u0131l\u0131yor"},"content":{"rendered":"<p>Ankara \u00dcniversitesi Teknokent\u2019te y\u00fcr\u00fct\u00fclen Ar-Ge projesinde ta\u015f\u0131nan 9 zeytin a\u011fac\u0131n\u0131n tamam\u0131n\u0131n yeni yerlerinde sa\u011fl\u0131kl\u0131 \u015fekilde geli\u015fimini s\u00fcrd\u00fcrmesinin ard\u0131ndan, Milas\u2019ta Yenik\u00f6y Kemerk\u00f6y Enerji maden sahas\u0131nda bulunan 151 zeytin a\u011fac\u0131 da MAPEG onay\u0131yla yeni yuvalar\u0131na ta\u015f\u0131nd\u0131.<br \/>\n<br \/>Enerji arz g\u00fcvenli\u011fini sa\u011flamak i\u00e7in y\u00fcr\u00fct\u00fclen \u00e7al\u0131\u015fmalar kapsam\u0131nda maden sahas\u0131nda bulunan zeytin a\u011fa\u00e7lar\u0131, bilimsel y\u00f6ntemlerle ta\u015f\u0131nmaya devam ediyor. Ankara \u00dcniversitesi Teknokent b\u00fcnyesinde ger\u00e7ekle\u015ftirilen Ar-Ge \u00e7al\u0131\u015fmas\u0131 ile ta\u015f\u0131nan ilk 9 zeytin a\u011fac\u0131n\u0131n y\u00fczde 100 oran\u0131nda tutmas\u0131, y\u00f6ntemin ba\u015far\u0131s\u0131n\u0131 ortaya koydu. Bu geli\u015fmenin ard\u0131ndan Milas\u2019taki 151 a\u011fac\u0131n da k\u00f6k koruma teknikleri ve gen\u00e7le\u015ftirme budamas\u0131yla g\u00fcvenli bir \u015fekilde nakledildi\u011fi bildirildi. S\u00fcrecin t\u00fcm a\u015famalar\u0131 kay\u0131t alt\u0131na al\u0131narak \u015feffaf \u015fekilde y\u00fcr\u00fct\u00fcld\u00fc.<\/p>\n<p>&#8220;Zeytin a\u011fa\u00e7lar\u0131n\u0131 ya\u015fatmak istiyoruz&#8221;<br \/>\n<br \/>Projede g\u00f6rev alan Ziraat M\u00fchendisi Muhittin Kayaba\u015f, zeytin a\u011fa\u00e7lar\u0131n\u0131n bilimsel y\u00f6ntemlerle ta\u015f\u0131nd\u0131\u011f\u0131n\u0131 belirterek, &#8220;Bir ay \u00f6nce 45 derece s\u0131cakl\u0131kta 9 a\u011fac\u0131n ta\u015f\u0131nmas\u0131n\u0131 sa\u011flad\u0131k ve ba\u015far\u0131yla tuttuklar\u0131n\u0131 g\u00f6rd\u00fck. Amac\u0131m\u0131z bu a\u011fa\u00e7lar\u0131 ya\u015fatmak. \u2018Zeytin ta\u015f\u0131n\u0131r m\u0131?\u2019 sorusuna cevab\u0131m\u0131z \u2018evet ta\u015f\u0131n\u0131r\u2019. Halk\u0131m\u0131z gelip yerinde g\u00f6rebilir. Biz a\u011fa\u00e7lara sayg\u0131 duyuyoruz, sadece yerlerini de\u011fi\u015ftiriyoruz. Ta\u015f\u0131nan a\u011fa\u00e7lar\u0131n geli\u015fimini de takip edece\u011fiz&#8221; dedi.<br \/>\n<br \/>Kayaba\u015f ayr\u0131ca, &#8220;Zeytinler kesiliyor diyenler gelip g\u00f6rs\u00fcnler. Biz burada zeytinleri ya\u015fatmak i\u00e7in \u00e7al\u0131\u015f\u0131yoruz, onlara hayat vermek i\u00e7in buraday\u0131z&#8221; ifadelerini kulland\u0131.<\/p>\n<p>&#8220;Zeytinler filiz verdi&#8221;<br \/>\n<br \/>Ta\u015f\u0131ma \u00e7al\u0131\u015fmalar\u0131n\u0131 yerinde inceleyen Muhtarlar Dan\u0131\u015fma Kurulu \u00fcyeleri de s\u00fcrecin \u015feffaf y\u00fcr\u00fct\u00fclmesinden memnuniyet duyduklar\u0131n\u0131 dile getirdi. Karacaa\u011fa\u00e7 Muhtar\u0131 ve Kurul S\u00f6zc\u00fcs\u00fc Dursun Uysal, &#8220;\u0130kizk\u00f6y\u2019den ta\u015f\u0131nan zeytinleri yerinde g\u00f6rd\u00fck. A\u011fa\u00e7lar 5 santimetre s\u00fcrg\u00fcn vermi\u015f. Zeytinler bizim i\u00e7in de\u011ferli ama santralden de vazge\u00e7emeyiz. Hem santral \u00e7al\u0131\u015fs\u0131n, istihdam devam etsin hem de zeytinler ya\u015fas\u0131n. Maden ve zeytin bir arada m\u00fcmk\u00fcnd\u00fcr&#8221; diye konu\u015ftu.<br \/><\/p>\n","protected":false},"excerpt":{"rendered":"<p>Ankara \u00dcniversitesi Teknokent\u2019te y\u00fcr\u00fct\u00fclen Ar-Ge projesinde ta\u015f\u0131nan 9 zeytin a\u011fac\u0131n\u0131n tamam\u0131n\u0131n yeni yerlerinde sa\u011fl\u0131kl\u0131 \u015fekilde geli\u015fimini s\u00fcrd\u00fcrmesinin ard\u0131ndan, Milas\u2019ta Yenik\u00f6y Kemerk\u00f6y Enerji maden sahas\u0131nda bulunan 151 zeytin a\u011fac\u0131 da MAPEG onay\u0131yla yeni yuvalar\u0131na ta\u015f\u0131nd\u0131. Enerji arz g\u00fcvenli\u011fini sa\u011flamak i\u00e7in y\u00fcr\u00fct\u00fclen \u00e7al\u0131\u015fmalar kapsam\u0131nda maden sahas\u0131nda bulunan zeytin a\u011fa\u00e7lar\u0131, bilimsel y\u00f6ntemlerle ta\u015f\u0131nmaya devam ediyor. Ankara \u00dcniversitesi Teknokent&#8230;<\/p>\n","protected":false},"author":1,"featured_media":54997,"comment_status":"open","ping_status":"open","sticky":false,"template":"","format":"standard","meta":{"_crdt_document":"","footnotes":""},"categories":[1],"tags":[],"class_list":["post-54996","post","type-post","status-publish","format-standard","has-post-thumbnail","hentry","category-guncel"],"_links":{"self":[{"href":"https:\/\/www.egemtv.com\/index.php?rest_route=\/wp\/v2\/posts\/54996","targetHints":{"allow":["GET"]}}],"collection":[{"href":"https:\/\/www.egemtv.com\/index.php?rest_route=\/wp\/v2\/posts"}],"about":[{"href":"https:\/\/www.egemtv.com\/index.php?rest_route=\/wp\/v2\/types\/post"}],"author":[{"embeddable":true,"href":"https:\/\/www.egemtv.com\/index.php?rest_route=\/wp\/v2\/users\/1"}],"replies":[{"embeddable":true,"href":"https:\/\/www.egemtv.com\/index.php?rest_route=%2Fwp%2Fv2%2Fcomments&post=54996"}],"version-history":[{"count":1,"href":"https:\/\/www.egemtv.com\/index.php?rest_route=\/wp\/v2\/posts\/54996\/revisions"}],"predecessor-version":[{"id":54998,"href":"https:\/\/www.egemtv.com\/index.php?rest_route=\/wp\/v2\/posts\/54996\/revisions\/54998"}],"wp:featuredmedia":[{"embeddable":true,"href":"https:\/\/www.egemtv.com\/index.php?rest_route=\/wp\/v2\/media\/54997"}],"wp:attachment":[{"href":"https:\/\/www.egemtv.com\/index.php?rest_route=%2Fwp%2Fv2%2Fmedia&parent=54996"}],"wp:term":[{"taxonomy":"category","embeddable":true,"href":"https:\/\/www.egemtv.com\/index.php?rest_route=%2Fwp%2Fv2%2Fcategories&post=54996"},{"taxonomy":"post_tag","embeddable":true,"href":"https:\/\/www.egemtv.com\/index.php?rest_route=%2Fwp%2Fv2%2Ftags&post=54996"}],"curies":[{"name":"wp","href":"https:\/\/api.w.org\/{rel}","templated":true}]}}