{"id":54993,"date":"2025-09-15T13:35:43","date_gmt":"2025-09-15T10:35:43","guid":{"rendered":"https:\/\/www.egemtv.com\/?p=54993"},"modified":"2025-09-15T13:35:44","modified_gmt":"2025-09-15T10:35:44","slug":"civril-elma-festivalinde-cem-adrian-unutulmaz-gece-yasatti","status":"publish","type":"post","link":"https:\/\/www.egemtv.com\/?p=54993","title":{"rendered":"\u00c7ivril Elma Festivalinde Cem Adrian unutulmaz gece ya\u015fatt\u0131"},"content":{"rendered":"<p>Denizli\u2019de \u00c7ivril Belediyesi taraf\u0131ndan d\u00fczenlenen 27. Uluslararas\u0131 Elma Tar\u0131m ve K\u00fclt\u00fcr Festivalinin son g\u00fcn\u00fcnde sahne alan Cem Adrian, seslendirdi\u011fi e\u015fsiz \u015fark\u0131larla \u00c7ivrilli vatanda\u015flara unutmaz geze ya\u015fatt\u0131.<br \/>\n<br \/>\u00c7ivril Belediyesi taraf\u0131ndan d\u00fczenlenen 27. Uluslararas\u0131 Elma Tar\u0131m ve K\u00fclt\u00fcr Festivali b\u00fcy\u00fck bir co\u015fkuyla tamamland\u0131. Per\u015fembe g\u00fcn\u00fcnden Pazar g\u00fcn\u00fcne kadar birinden renkli sanat, tarih ve tar\u0131m etkinliklerine ev sahipli\u011fi yapan festivalin son g\u00fcn\u00fcnde sahne alan Cem Adrian,  meydan\u0131 dolduran binlerce ki\u015fiye unutulmaz bir gece ya\u015fatt\u0131. Sevilen \u015fark\u0131lar\u0131n\u0131 kalabal\u0131kla birlikte seslendiren \u00fcnl\u00fc sanat\u00e7\u0131 Cem Adrian, g\u00fc\u00e7l\u00fc sahne performans\u0131yla izleyicilere m\u00fczik ziyafeti sundu. Konserin sonunda e\u015fiyle birlikte sahneye \u00e7\u0131kan \u00c7ivril Belediye Ba\u015fkan\u0131 Semih Dere, \u00fcnl\u00fc sanat\u00e7\u0131 Cem Adrian\u2019a hediye takdiminde bulundu.<\/p>\n<p>27\u2019nci \u00c7ivril Elma Tar\u0131m ve K\u00fclt\u00fcr Festivalinin yo\u011fun kat\u0131mla ger\u00e7ekle\u015fti\u011fini belirten \u00c7ivril Belediye Ba\u015fkan\u0131 Semih Dere, &#8220;\u00c7ivril Uluslararas\u0131 27\u2019nci Elma Tar\u0131m ve K\u00fclt\u00fcr Festivalimizin son gecesinde sahne alan Cem Adrian e\u015fsiz performans\u0131yla unutulmaz bir final ya\u015fatt\u0131. \u00c7ivril Uluslararas\u0131 27\u2019nci Elma Tar\u0131m ve K\u00fclt\u00fcr Festivalimizi T\u00fcrkiye\u2019nin d\u00f6rt bir yan\u0131ndan gelen vatanda\u015flar\u0131m\u0131z\u0131n kat\u0131l\u0131m\u0131yla b\u00fcy\u00fck bir co\u015fkuyla tamamlad\u0131k. Festivalimizin haz\u0131rl\u0131k s\u00fcrecinden bug\u00fcne dek katk\u0131 sunan belediyemizin t\u00fcm birimlerine, ilgili t\u00fcm kamu kurum ve kurulu\u015flar\u0131m\u0131za ve festival boyunca emek veren, \u00e7al\u0131\u015fanlar\u0131m\u0131za, her alan\u0131 h\u0131nca h\u0131n\u00e7 dolduran davetlilerimize ve sponsorlar\u0131m\u0131za y\u00fcrekten te\u015fekk\u00fcr ediyorum&#8221; dedi.<br \/><\/p>\n","protected":false},"excerpt":{"rendered":"<p>Denizli\u2019de \u00c7ivril Belediyesi taraf\u0131ndan d\u00fczenlenen 27. Uluslararas\u0131 Elma Tar\u0131m ve K\u00fclt\u00fcr Festivalinin son g\u00fcn\u00fcnde sahne alan Cem Adrian, seslendirdi\u011fi e\u015fsiz \u015fark\u0131larla \u00c7ivrilli vatanda\u015flara unutmaz geze ya\u015fatt\u0131. \u00c7ivril Belediyesi taraf\u0131ndan d\u00fczenlenen 27. Uluslararas\u0131 Elma Tar\u0131m ve K\u00fclt\u00fcr Festivali b\u00fcy\u00fck bir co\u015fkuyla tamamland\u0131. Per\u015fembe g\u00fcn\u00fcnden Pazar g\u00fcn\u00fcne kadar birinden renkli sanat, tarih ve tar\u0131m etkinliklerine ev sahipli\u011fi&#8230;<\/p>\n","protected":false},"author":1,"featured_media":54994,"comment_status":"open","ping_status":"open","sticky":false,"template":"","format":"standard","meta":{"_crdt_document":"","footnotes":""},"categories":[1],"tags":[],"class_list":["post-54993","post","type-post","status-publish","format-standard","has-post-thumbnail","hentry","category-guncel"],"_links":{"self":[{"href":"https:\/\/www.egemtv.com\/index.php?rest_route=\/wp\/v2\/posts\/54993","targetHints":{"allow":["GET"]}}],"collection":[{"href":"https:\/\/www.egemtv.com\/index.php?rest_route=\/wp\/v2\/posts"}],"about":[{"href":"https:\/\/www.egemtv.com\/index.php?rest_route=\/wp\/v2\/types\/post"}],"author":[{"embeddable":true,"href":"https:\/\/www.egemtv.com\/index.php?rest_route=\/wp\/v2\/users\/1"}],"replies":[{"embeddable":true,"href":"https:\/\/www.egemtv.com\/index.php?rest_route=%2Fwp%2Fv2%2Fcomments&post=54993"}],"version-history":[{"count":1,"href":"https:\/\/www.egemtv.com\/index.php?rest_route=\/wp\/v2\/posts\/54993\/revisions"}],"predecessor-version":[{"id":54995,"href":"https:\/\/www.egemtv.com\/index.php?rest_route=\/wp\/v2\/posts\/54993\/revisions\/54995"}],"wp:featuredmedia":[{"embeddable":true,"href":"https:\/\/www.egemtv.com\/index.php?rest_route=\/wp\/v2\/media\/54994"}],"wp:attachment":[{"href":"https:\/\/www.egemtv.com\/index.php?rest_route=%2Fwp%2Fv2%2Fmedia&parent=54993"}],"wp:term":[{"taxonomy":"category","embeddable":true,"href":"https:\/\/www.egemtv.com\/index.php?rest_route=%2Fwp%2Fv2%2Fcategories&post=54993"},{"taxonomy":"post_tag","embeddable":true,"href":"https:\/\/www.egemtv.com\/index.php?rest_route=%2Fwp%2Fv2%2Ftags&post=54993"}],"curies":[{"name":"wp","href":"https:\/\/api.w.org\/{rel}","templated":true}]}}