{"id":54990,"date":"2025-09-15T13:35:42","date_gmt":"2025-09-15T10:35:42","guid":{"rendered":"https:\/\/www.egemtv.com\/?p=54990"},"modified":"2025-09-15T13:35:43","modified_gmt":"2025-09-15T10:35:43","slug":"simav-depremleri-yeniden-gundemde","status":"publish","type":"post","link":"https:\/\/www.egemtv.com\/?p=54990","title":{"rendered":"Simav depremleri yeniden g\u00fcndemde"},"content":{"rendered":"<p>K\u00fctahya\u2019n\u0131n Simav il\u00e7esi, ge\u00e7mi\u015fte ya\u015fad\u0131\u011f\u0131 depremlerle haf\u0131zalarda yer ederken, uzmanlar b\u00f6lgenin h\u00e2l\u00e2 y\u00fcksek deprem riski ta\u015f\u0131d\u0131\u011f\u0131na dikkat \u00e7ekiyor. K\u00fctahya Dumlup\u0131nar \u00dcniversitesi (DP\u00dc) M\u00fchendislik Fak\u00fcltesi Jeoloji M\u00fchendisli\u011fi B\u00f6l\u00fcm\u00fc \u00d6\u011fretim \u00dcyesi ve deprem uzman\u0131 Do\u00e7. Dr. Muzaffer \u00d6zburan, Simav ve \u00e7evresinde bir\u00e7ok aktif fay hatt\u0131 bulundu\u011funu belirterek, 6.6 ile 7.1 b\u00fcy\u00fckl\u00fc\u011f\u00fcnde depremler \u00fcretme potansiyeli olan faylar oldu\u011funu s\u00f6yledi.<br \/>\n<br \/>Do\u00e7. Dr. \u00d6zburan, &#8220;Simav, daha \u00f6nce de depremler ya\u015fam\u0131\u015f bir il\u00e7emiz. B\u00f6lgede \u00e7ok say\u0131da aktif fay bulunuyor. Bu faylar potansiyel olarak b\u00fcy\u00fck depremler \u00fcretebilir. Ancak bu, sadece Simav\u2019da deprem olacak anlam\u0131na gelmez. T\u00fcrkiye\u2019nin bir\u00e7ok yerinde bu risk var&#8221; ifadelerini kulland\u0131.<br \/>\n<br \/>Zamanlaman\u0131n \u00f6ng\u00f6r\u00fclemedi\u011fini vurgulayan \u00d6zburan, &#8220;Biz bilim insanlar\u0131 olarak bir depremin ne zaman olaca\u011f\u0131n\u0131 s\u00f6yleyemiyoruz. Yar\u0131n olacakm\u0131\u015f gibi haz\u0131r olmal\u0131, ama pani\u011fe kap\u0131lmamal\u0131y\u0131z. G\u00fc\u00e7l\u00fc ve g\u00fcvenli binalarda ya\u015famal\u0131, tedbirli olmal\u0131y\u0131z&#8221; dedi.<br \/>\n<br \/>Deprem uzman\u0131 Prof. Dr. \u015eener \u00dc\u015f\u00fcmezsoy da daha \u00f6nce yapt\u0131\u011f\u0131 a\u00e7\u0131klamada, Simav Fay\u0131\u2019n\u0131n 6.5-6.8 b\u00fcy\u00fckl\u00fc\u011f\u00fcnde bir deprem \u00fcretme potansiyeline sahip oldu\u011funu ifade etmi\u015fti.<\/p>\n<p>2011 depremi haf\u0131zalarda<br \/>\n<br \/>Simav, en son 19 May\u0131s 2011 Per\u015fembe g\u00fcn\u00fc saat 23.15\u2019te, merkez \u00fcss\u00fc il\u00e7enin yakla\u015f\u0131k 13 kilometre kuzeydo\u011fusu olan 5.9 b\u00fcy\u00fckl\u00fc\u011f\u00fcndeki depremle sars\u0131lm\u0131\u015ft\u0131. Can kayb\u0131n\u0131n ya\u015fanmad\u0131\u011f\u0131 depremde binlerce ev a\u011f\u0131r hasar alm\u0131\u015f, \u00e7ok say\u0131da vatanda\u015f evlerini terk etmek zorunda kalm\u0131\u015ft\u0131.<br \/><\/p>\n","protected":false},"excerpt":{"rendered":"<p>K\u00fctahya\u2019n\u0131n Simav il\u00e7esi, ge\u00e7mi\u015fte ya\u015fad\u0131\u011f\u0131 depremlerle haf\u0131zalarda yer ederken, uzmanlar b\u00f6lgenin h\u00e2l\u00e2 y\u00fcksek deprem riski ta\u015f\u0131d\u0131\u011f\u0131na dikkat \u00e7ekiyor. K\u00fctahya Dumlup\u0131nar \u00dcniversitesi (DP\u00dc) M\u00fchendislik Fak\u00fcltesi Jeoloji M\u00fchendisli\u011fi B\u00f6l\u00fcm\u00fc \u00d6\u011fretim \u00dcyesi ve deprem uzman\u0131 Do\u00e7. Dr. Muzaffer \u00d6zburan, Simav ve \u00e7evresinde bir\u00e7ok aktif fay hatt\u0131 bulundu\u011funu belirterek, 6.6 ile 7.1 b\u00fcy\u00fckl\u00fc\u011f\u00fcnde depremler \u00fcretme potansiyeli olan faylar oldu\u011funu&#8230;<\/p>\n","protected":false},"author":1,"featured_media":54991,"comment_status":"open","ping_status":"open","sticky":false,"template":"","format":"standard","meta":{"_crdt_document":"","footnotes":""},"categories":[1],"tags":[],"class_list":["post-54990","post","type-post","status-publish","format-standard","has-post-thumbnail","hentry","category-guncel"],"_links":{"self":[{"href":"https:\/\/www.egemtv.com\/index.php?rest_route=\/wp\/v2\/posts\/54990","targetHints":{"allow":["GET"]}}],"collection":[{"href":"https:\/\/www.egemtv.com\/index.php?rest_route=\/wp\/v2\/posts"}],"about":[{"href":"https:\/\/www.egemtv.com\/index.php?rest_route=\/wp\/v2\/types\/post"}],"author":[{"embeddable":true,"href":"https:\/\/www.egemtv.com\/index.php?rest_route=\/wp\/v2\/users\/1"}],"replies":[{"embeddable":true,"href":"https:\/\/www.egemtv.com\/index.php?rest_route=%2Fwp%2Fv2%2Fcomments&post=54990"}],"version-history":[{"count":1,"href":"https:\/\/www.egemtv.com\/index.php?rest_route=\/wp\/v2\/posts\/54990\/revisions"}],"predecessor-version":[{"id":54992,"href":"https:\/\/www.egemtv.com\/index.php?rest_route=\/wp\/v2\/posts\/54990\/revisions\/54992"}],"wp:featuredmedia":[{"embeddable":true,"href":"https:\/\/www.egemtv.com\/index.php?rest_route=\/wp\/v2\/media\/54991"}],"wp:attachment":[{"href":"https:\/\/www.egemtv.com\/index.php?rest_route=%2Fwp%2Fv2%2Fmedia&parent=54990"}],"wp:term":[{"taxonomy":"category","embeddable":true,"href":"https:\/\/www.egemtv.com\/index.php?rest_route=%2Fwp%2Fv2%2Fcategories&post=54990"},{"taxonomy":"post_tag","embeddable":true,"href":"https:\/\/www.egemtv.com\/index.php?rest_route=%2Fwp%2Fv2%2Ftags&post=54990"}],"curies":[{"name":"wp","href":"https:\/\/api.w.org\/{rel}","templated":true}]}}