{"id":54987,"date":"2025-09-15T13:15:04","date_gmt":"2025-09-15T10:15:04","guid":{"rendered":"https:\/\/www.egemtv.com\/?p=54987"},"modified":"2025-09-15T13:15:05","modified_gmt":"2025-09-15T10:15:05","slug":"baskan-eyup-kahveciden-pazar-ziyareti","status":"publish","type":"post","link":"https:\/\/www.egemtv.com\/?p=54987","title":{"rendered":"Ba\u015fkan Ey\u00fcp Kahveci\u2019den pazar ziyareti"},"content":{"rendered":"<p>K\u00fctahya Belediye Ba\u015fkan\u0131 Ey\u00fcp Kahveci, Cumartesi Pazar\u0131\u2019n\u0131 ziyaret ederek esnaf ve vatanda\u015flarla bir araya geldi.<br \/>\n<br \/>Samimi bir atmosferde ger\u00e7ekle\u015fen ziyarette Ba\u015fkan Kahveci, esnaf\u0131n taleplerini ve vatanda\u015flar\u0131n \u00f6nerilerini dinledi, hay\u0131rl\u0131 kazan\u00e7lar dileyerek destek mesaj\u0131 verdi.<br \/>\n<br \/>Pazar esnaf\u0131 ve vatanda\u015flar, Ba\u015fkan Kahveci\u2019nin ilgisinden duyduklar\u0131 memnuniyeti dile getirirken, g\u00f6r\u00fc\u015fmeler s\u0131ras\u0131nda pazar\u0131n mevcut durumu ve ihtiya\u00e7lar\u0131 hakk\u0131nda da bilgi payla\u015f\u0131m\u0131 yap\u0131ld\u0131.<br \/>\n<br \/>Ziyaretin ard\u0131ndan a\u00e7\u0131klamada bulunan Ba\u015fkan Kahveci, sosyal belediyecilik anlay\u0131\u015f\u0131 do\u011frultusunda \u015fehrin her kesimiyle bir araya gelmeye devam edeceklerini belirtti.<br \/><\/p>\n","protected":false},"excerpt":{"rendered":"<p>K\u00fctahya Belediye Ba\u015fkan\u0131 Ey\u00fcp Kahveci, Cumartesi Pazar\u0131\u2019n\u0131 ziyaret ederek esnaf ve vatanda\u015flarla bir araya geldi. Samimi bir atmosferde ger\u00e7ekle\u015fen ziyarette Ba\u015fkan Kahveci, esnaf\u0131n taleplerini ve vatanda\u015flar\u0131n \u00f6nerilerini dinledi, hay\u0131rl\u0131 kazan\u00e7lar dileyerek destek mesaj\u0131 verdi. Pazar esnaf\u0131 ve vatanda\u015flar, Ba\u015fkan Kahveci\u2019nin ilgisinden duyduklar\u0131 memnuniyeti dile getirirken, g\u00f6r\u00fc\u015fmeler s\u0131ras\u0131nda pazar\u0131n mevcut durumu ve ihtiya\u00e7lar\u0131 hakk\u0131nda da bilgi&#8230;<\/p>\n","protected":false},"author":1,"featured_media":54988,"comment_status":"open","ping_status":"open","sticky":false,"template":"","format":"standard","meta":{"_crdt_document":"","footnotes":""},"categories":[1],"tags":[],"class_list":["post-54987","post","type-post","status-publish","format-standard","has-post-thumbnail","hentry","category-guncel"],"_links":{"self":[{"href":"https:\/\/www.egemtv.com\/index.php?rest_route=\/wp\/v2\/posts\/54987","targetHints":{"allow":["GET"]}}],"collection":[{"href":"https:\/\/www.egemtv.com\/index.php?rest_route=\/wp\/v2\/posts"}],"about":[{"href":"https:\/\/www.egemtv.com\/index.php?rest_route=\/wp\/v2\/types\/post"}],"author":[{"embeddable":true,"href":"https:\/\/www.egemtv.com\/index.php?rest_route=\/wp\/v2\/users\/1"}],"replies":[{"embeddable":true,"href":"https:\/\/www.egemtv.com\/index.php?rest_route=%2Fwp%2Fv2%2Fcomments&post=54987"}],"version-history":[{"count":1,"href":"https:\/\/www.egemtv.com\/index.php?rest_route=\/wp\/v2\/posts\/54987\/revisions"}],"predecessor-version":[{"id":54989,"href":"https:\/\/www.egemtv.com\/index.php?rest_route=\/wp\/v2\/posts\/54987\/revisions\/54989"}],"wp:featuredmedia":[{"embeddable":true,"href":"https:\/\/www.egemtv.com\/index.php?rest_route=\/wp\/v2\/media\/54988"}],"wp:attachment":[{"href":"https:\/\/www.egemtv.com\/index.php?rest_route=%2Fwp%2Fv2%2Fmedia&parent=54987"}],"wp:term":[{"taxonomy":"category","embeddable":true,"href":"https:\/\/www.egemtv.com\/index.php?rest_route=%2Fwp%2Fv2%2Fcategories&post=54987"},{"taxonomy":"post_tag","embeddable":true,"href":"https:\/\/www.egemtv.com\/index.php?rest_route=%2Fwp%2Fv2%2Ftags&post=54987"}],"curies":[{"name":"wp","href":"https:\/\/api.w.org\/{rel}","templated":true}]}}