{"id":54981,"date":"2025-09-15T13:15:02","date_gmt":"2025-09-15T10:15:02","guid":{"rendered":"https:\/\/www.egemtv.com\/?p=54981"},"modified":"2025-09-15T13:15:03","modified_gmt":"2025-09-15T10:15:03","slug":"altay-bu-sezon-3-mac-oynadi-ve-skor-uretemedi","status":"publish","type":"post","link":"https:\/\/www.egemtv.com\/?p=54981","title":{"rendered":"Altay, bu sezon 3 ma\u00e7 oynad\u0131 ve skor \u00fcretemedi"},"content":{"rendered":"<p>Altay, bu sezon ligde ve kupada toplam 3 ma\u00e7 oynamas\u0131na ra\u011fmen hen\u00fcz rakip fileleri havaland\u0131rmay\u0131 ba\u015faramad\u0131.<br \/>\n<br \/>TFF 3. Lig 4. Grup ekiplerinden Altay\u2019da skor \u00fcretme konusunda sorunlar ya\u015fanmaya devam ediyor. Ligdeki ilk iki haftada 1 ma\u011flubiyet 1 beraberlik alan siyah-beyazl\u0131lar, toplad\u0131\u011f\u0131 1 puanla d\u00fc\u015fme hatt\u0131nda yer al\u0131yor. Bu s\u00fcre\u00e7te rakip fileleri sarsamayan \u0130zmir ekibi, ligdeki gol atamayan tek tak\u0131m konumunda bulunuyor. Ramazan Kur\u015funlu y\u00f6netimindeki Altay, Ziraat T\u00fcrkiye Kupas\u0131 1. Tur m\u00fccadelesinde de Bursa Y\u0131ld\u0131r\u0131mspor\u2019la deplasmanda kar\u015f\u0131 kar\u015f\u0131ya gelmi\u015f ve rakibine 2-0 ma\u011flup olmu\u015ftu. B\u00f6ylece siyah-beyazl\u0131lar, yeni sezonda \u015fu ana kadar t\u00fcm kulvarlarda \u00e7\u0131kt\u0131\u011f\u0131 3 kar\u015f\u0131la\u015fmada 4 gol kalesinde g\u00f6r\u00fcrken skor \u00fcretmeyi ise ba\u015faramad\u0131.<\/p>\n<p>Ramazan Kur\u015funlu forvetini ar\u0131yor<br \/>\n<br \/>Transfer yasa\u011f\u0131ndan dolay\u0131 k\u0131s\u0131tl\u0131 imkanlarla sahaya \u00e7\u0131kan Altay\u2019da Teknik Direkt\u00f6r Ramazan Kur\u015funlu forvetini aramaya devam ediyor. Bursa Y\u0131ld\u0131r\u0131mspor\u2019la oynanan kupa kar\u015f\u0131la\u015fmas\u0131na forvet pozisyonunda Murat Ulu\u00e7\u2019la ba\u015flayan Kur\u015funlu, sezonun ilk lig ma\u00e7\u0131 olan U\u015fakspor m\u00fccadelesine de yine Ulu\u00e7\u2019la ba\u015flad\u0131. Bu iki kar\u015f\u0131la\u015fmada skor \u00fcretemeyen Altay\u2019da forvet hatt\u0131nda de\u011fi\u015fiklik yap\u0131ld\u0131 ve i\u00e7 sahadaki Ayval\u0131kg\u00fcc\u00fc Belediyespor kar\u015f\u0131la\u015fmas\u0131na en u\u00e7 b\u00f6lgede Mehmet Onur Y\u0131ld\u0131z\u2019la ba\u015fland\u0131. B\u00f6ylece Ramazan Kur\u015funlu golc\u00fc pozisyonunda hen\u00fcz ideal ismine karar veremedi. Denizli \u0130dmanyurdu ma\u00e7\u0131nda deneyimli \u00e7al\u0131\u015ft\u0131r\u0131c\u0131n\u0131n hangi oyuncuyla \u00e7\u0131kaca\u011f\u0131 merakla bekleniyor.<br \/><\/p>\n","protected":false},"excerpt":{"rendered":"<p>Altay, bu sezon ligde ve kupada toplam 3 ma\u00e7 oynamas\u0131na ra\u011fmen hen\u00fcz rakip fileleri havaland\u0131rmay\u0131 ba\u015faramad\u0131. TFF 3. Lig 4. Grup ekiplerinden Altay\u2019da skor \u00fcretme konusunda sorunlar ya\u015fanmaya devam ediyor. Ligdeki ilk iki haftada 1 ma\u011flubiyet 1 beraberlik alan siyah-beyazl\u0131lar, toplad\u0131\u011f\u0131 1 puanla d\u00fc\u015fme hatt\u0131nda yer al\u0131yor. Bu s\u00fcre\u00e7te rakip fileleri sarsamayan \u0130zmir ekibi, ligdeki&#8230;<\/p>\n","protected":false},"author":1,"featured_media":54982,"comment_status":"open","ping_status":"open","sticky":false,"template":"","format":"standard","meta":{"_crdt_document":"","footnotes":""},"categories":[4],"tags":[],"class_list":["post-54981","post","type-post","status-publish","format-standard","has-post-thumbnail","hentry","category-spor"],"_links":{"self":[{"href":"https:\/\/www.egemtv.com\/index.php?rest_route=\/wp\/v2\/posts\/54981","targetHints":{"allow":["GET"]}}],"collection":[{"href":"https:\/\/www.egemtv.com\/index.php?rest_route=\/wp\/v2\/posts"}],"about":[{"href":"https:\/\/www.egemtv.com\/index.php?rest_route=\/wp\/v2\/types\/post"}],"author":[{"embeddable":true,"href":"https:\/\/www.egemtv.com\/index.php?rest_route=\/wp\/v2\/users\/1"}],"replies":[{"embeddable":true,"href":"https:\/\/www.egemtv.com\/index.php?rest_route=%2Fwp%2Fv2%2Fcomments&post=54981"}],"version-history":[{"count":1,"href":"https:\/\/www.egemtv.com\/index.php?rest_route=\/wp\/v2\/posts\/54981\/revisions"}],"predecessor-version":[{"id":54983,"href":"https:\/\/www.egemtv.com\/index.php?rest_route=\/wp\/v2\/posts\/54981\/revisions\/54983"}],"wp:featuredmedia":[{"embeddable":true,"href":"https:\/\/www.egemtv.com\/index.php?rest_route=\/wp\/v2\/media\/54982"}],"wp:attachment":[{"href":"https:\/\/www.egemtv.com\/index.php?rest_route=%2Fwp%2Fv2%2Fmedia&parent=54981"}],"wp:term":[{"taxonomy":"category","embeddable":true,"href":"https:\/\/www.egemtv.com\/index.php?rest_route=%2Fwp%2Fv2%2Fcategories&post=54981"},{"taxonomy":"post_tag","embeddable":true,"href":"https:\/\/www.egemtv.com\/index.php?rest_route=%2Fwp%2Fv2%2Ftags&post=54981"}],"curies":[{"name":"wp","href":"https:\/\/api.w.org\/{rel}","templated":true}]}}