{"id":54972,"date":"2025-09-15T12:34:54","date_gmt":"2025-09-15T09:34:54","guid":{"rendered":"https:\/\/www.egemtv.com\/?p=54972"},"modified":"2025-09-15T12:34:55","modified_gmt":"2025-09-15T09:34:55","slug":"jandarmadan-incir-hirsizlarina-sucustu","status":"publish","type":"post","link":"https:\/\/www.egemtv.com\/?p=54972","title":{"rendered":"Jandarma\u2019dan incir h\u0131rs\u0131zlar\u0131na su\u00e7\u00fcst\u00fc"},"content":{"rendered":"<p>Manisa\u2019n\u0131n \u015eehzadeler il\u00e7esinde devriye gezen ekipler, 2 ayr\u0131 ki\u015fiye ait bah\u00e7eden incir \u00e7alan 2\u2019si kad\u0131n 4 ki\u015fiyi su\u00e7\u00fcst\u00fc yakalad\u0131.<br \/>\n<br \/>\u015eehzadeler \u0130l\u00e7e Jandarma Komutanl\u0131\u011f\u0131 taraf\u0131ndan A\u015fa\u011f\u0131 \u00c7obanisa ve Karao\u011flanl\u0131 mahallelerinde muhtemel ba\u011f ve bah\u00e7eden h\u0131rs\u0131zl\u0131k olaylar\u0131na ekipler aral\u0131ks\u0131z olarak devriyelerini s\u00fcrd\u00fcr\u00fcyor.<br \/>\n<br \/>Jandarma Asayi\u015f Timlerinin devriyeleri s\u0131ras\u0131nda A\u015fa\u011f\u0131 \u00c7obanisa ve Karao\u011flanl\u0131 mahallelerinde iki vatanda\u015fa ait bah\u00e7eden ikisi kad\u0131n 4 ki\u015fi incir \u00e7ald\u0131klar\u0131 esnada su\u00e7 \u00fcst\u00fc yakaland\u0131.<br \/>\n<br \/>H\u0131rs\u0131zl\u0131k yapt\u0131\u011f\u0131 tespit edilen S.K. (29), N.G. (47), \u00d6.G. (41) ve R.K. (33) isimli \u015fah\u0131slar olayla ilgili g\u00f6zalt\u0131na al\u0131nd\u0131. \u015e\u00fcphelilerin bah\u00e7elerden toplad\u0131\u011f\u0131 kasalar i\u00e7erisinde bulunan yakla\u015f\u0131k 200 kilogram incir ise bah\u00e7e sahiplerine teslim edildi.<br \/>\n<br \/>Olayla ilgili olarak g\u00f6zalt\u0131na al\u0131nan \u015f\u00fcpheliler hakk\u0131nda ba\u015flat\u0131lan soru\u015fturma kapsam\u0131nda adli makamlara sevk edildi.<br \/><\/p>\n","protected":false},"excerpt":{"rendered":"<p>Manisa\u2019n\u0131n \u015eehzadeler il\u00e7esinde devriye gezen ekipler, 2 ayr\u0131 ki\u015fiye ait bah\u00e7eden incir \u00e7alan 2\u2019si kad\u0131n 4 ki\u015fiyi su\u00e7\u00fcst\u00fc yakalad\u0131. \u015eehzadeler \u0130l\u00e7e Jandarma Komutanl\u0131\u011f\u0131 taraf\u0131ndan A\u015fa\u011f\u0131 \u00c7obanisa ve Karao\u011flanl\u0131 mahallelerinde muhtemel ba\u011f ve bah\u00e7eden h\u0131rs\u0131zl\u0131k olaylar\u0131na ekipler aral\u0131ks\u0131z olarak devriyelerini s\u00fcrd\u00fcr\u00fcyor. Jandarma Asayi\u015f Timlerinin devriyeleri s\u0131ras\u0131nda A\u015fa\u011f\u0131 \u00c7obanisa ve Karao\u011flanl\u0131 mahallelerinde iki vatanda\u015fa ait bah\u00e7eden ikisi&#8230;<\/p>\n","protected":false},"author":1,"featured_media":54973,"comment_status":"open","ping_status":"open","sticky":false,"template":"","format":"standard","meta":{"_crdt_document":"","footnotes":""},"categories":[5],"tags":[],"class_list":["post-54972","post","type-post","status-publish","format-standard","has-post-thumbnail","hentry","category-asayis"],"_links":{"self":[{"href":"https:\/\/www.egemtv.com\/index.php?rest_route=\/wp\/v2\/posts\/54972","targetHints":{"allow":["GET"]}}],"collection":[{"href":"https:\/\/www.egemtv.com\/index.php?rest_route=\/wp\/v2\/posts"}],"about":[{"href":"https:\/\/www.egemtv.com\/index.php?rest_route=\/wp\/v2\/types\/post"}],"author":[{"embeddable":true,"href":"https:\/\/www.egemtv.com\/index.php?rest_route=\/wp\/v2\/users\/1"}],"replies":[{"embeddable":true,"href":"https:\/\/www.egemtv.com\/index.php?rest_route=%2Fwp%2Fv2%2Fcomments&post=54972"}],"version-history":[{"count":1,"href":"https:\/\/www.egemtv.com\/index.php?rest_route=\/wp\/v2\/posts\/54972\/revisions"}],"predecessor-version":[{"id":54974,"href":"https:\/\/www.egemtv.com\/index.php?rest_route=\/wp\/v2\/posts\/54972\/revisions\/54974"}],"wp:featuredmedia":[{"embeddable":true,"href":"https:\/\/www.egemtv.com\/index.php?rest_route=\/wp\/v2\/media\/54973"}],"wp:attachment":[{"href":"https:\/\/www.egemtv.com\/index.php?rest_route=%2Fwp%2Fv2%2Fmedia&parent=54972"}],"wp:term":[{"taxonomy":"category","embeddable":true,"href":"https:\/\/www.egemtv.com\/index.php?rest_route=%2Fwp%2Fv2%2Fcategories&post=54972"},{"taxonomy":"post_tag","embeddable":true,"href":"https:\/\/www.egemtv.com\/index.php?rest_route=%2Fwp%2Fv2%2Ftags&post=54972"}],"curies":[{"name":"wp","href":"https:\/\/api.w.org\/{rel}","templated":true}]}}