{"id":54969,"date":"2025-09-15T12:34:53","date_gmt":"2025-09-15T09:34:53","guid":{"rendered":"https:\/\/www.egemtv.com\/?p=54969"},"modified":"2025-09-15T12:34:54","modified_gmt":"2025-09-15T09:34:54","slug":"enes-pinardan-bronz-madalya","status":"publish","type":"post","link":"https:\/\/www.egemtv.com\/?p=54969","title":{"rendered":"Enes P\u0131nar\u2019dan bronz madalya"},"content":{"rendered":"<p>Yunusemre Belediyespor\u2019un milli judocusu Enes P\u0131nar, Kosova\u2019da d\u00fczenlenen B\u00fcy\u00fckler Balkan \u015eampiyonas\u0131\u2019nda bronz madalya kazanarak T\u00fcrkiye\u2019nin gururu oldu.<br \/>\n<br \/>Yunusemre Belediyespor\u2019un milli judocusu Enes P\u0131nar, Kosova\u2019da d\u00fczenlenen B\u00fcy\u00fckler Balkan Judo \u015eampiyonas\u0131\u2019nda 90 kiloda bronz madalya kazanarak b\u00fcy\u00fck bir ba\u015far\u0131ya imza att\u0131. Milli formayla tatamiye \u00e7\u0131kan Enes, sergiledi\u011fi m\u00fccadeleyle hem kul\u00fcb\u00fcn\u00fc hem de T\u00fcrkiye\u2019yi gururland\u0131rd\u0131.<br \/>\n<br \/>Yunusemre Belediyespor Ba\u015fkan\u0131 B\u00fclent Kanik, kazan\u0131lan madalyan\u0131n gelecek i\u00e7in umut verici oldu\u011funu belirterek, uluslararas\u0131 alanda T\u00fcrkiye\u2019yi en iyi \u015fekilde temsil etmenin mutlulu\u011funu ya\u015fad\u0131klar\u0131n\u0131 s\u00f6yledi. Ba\u015fkan Kanik \u015fu ifadeleri kulland\u0131: &#8220;Altyap\u0131m\u0131zdan yeti\u015fen sporcular\u0131m\u0131z hem ulusal hem de uluslararas\u0131 arenada bizleri gururland\u0131r\u0131yor. Enes\u2019in Balkan \u015eampiyonas\u0131\u2019nda k\u00fcrs\u00fcye \u00e7\u0131kmas\u0131, yeni sezon \u00f6ncesinde kul\u00fcb\u00fcm\u00fcze moral oldu. Sporcumuzu, antren\u00f6rlerimizi ve eme\u011fi ge\u00e7en herkesi g\u00f6n\u00fclden kutluyorum.&#8221;<br \/>\n<br \/>Bronz madalya kazanarak Balkan \u00fc\u00e7\u00fcnc\u00fcs\u00fc olan Enes P\u0131nar ise, &#8220;Balkan \u015eampiyonas\u0131\u2019nda k\u00fcrs\u00fcye \u00e7\u0131kmak benim i\u00e7in \u00e7ok de\u011ferli. Daha b\u00fcy\u00fck ba\u015far\u0131lar i\u00e7in \u00e7al\u0131\u015fmaya devam edece\u011fim. Hedefim Avrupa ve d\u00fcnya \u015fampiyonalar\u0131nda da \u00fclkemi ve kul\u00fcb\u00fcm\u00fc en iyi \u015fekilde temsil etmek. Bana destek olan Yunusemre Belediye Ba\u015fkan\u0131m\u0131z Semih Balaban\u2019a, Kul\u00fcp Ba\u015fkan\u0131m\u0131z B\u00fclent Kanik\u2019e, antren\u00f6rlerime, aileme ve tak\u0131m arkada\u015flar\u0131ma te\u015fekk\u00fcr ediyorum&#8221; dedi.<br \/><\/p>\n","protected":false},"excerpt":{"rendered":"<p>Yunusemre Belediyespor\u2019un milli judocusu Enes P\u0131nar, Kosova\u2019da d\u00fczenlenen B\u00fcy\u00fckler Balkan \u015eampiyonas\u0131\u2019nda bronz madalya kazanarak T\u00fcrkiye\u2019nin gururu oldu. Yunusemre Belediyespor\u2019un milli judocusu Enes P\u0131nar, Kosova\u2019da d\u00fczenlenen B\u00fcy\u00fckler Balkan Judo \u015eampiyonas\u0131\u2019nda 90 kiloda bronz madalya kazanarak b\u00fcy\u00fck bir ba\u015far\u0131ya imza att\u0131. Milli formayla tatamiye \u00e7\u0131kan Enes, sergiledi\u011fi m\u00fccadeleyle hem kul\u00fcb\u00fcn\u00fc hem de T\u00fcrkiye\u2019yi gururland\u0131rd\u0131. Yunusemre Belediyespor Ba\u015fkan\u0131&#8230;<\/p>\n","protected":false},"author":1,"featured_media":54970,"comment_status":"open","ping_status":"open","sticky":false,"template":"","format":"standard","meta":{"_crdt_document":"","footnotes":""},"categories":[4],"tags":[],"class_list":["post-54969","post","type-post","status-publish","format-standard","has-post-thumbnail","hentry","category-spor"],"_links":{"self":[{"href":"https:\/\/www.egemtv.com\/index.php?rest_route=\/wp\/v2\/posts\/54969","targetHints":{"allow":["GET"]}}],"collection":[{"href":"https:\/\/www.egemtv.com\/index.php?rest_route=\/wp\/v2\/posts"}],"about":[{"href":"https:\/\/www.egemtv.com\/index.php?rest_route=\/wp\/v2\/types\/post"}],"author":[{"embeddable":true,"href":"https:\/\/www.egemtv.com\/index.php?rest_route=\/wp\/v2\/users\/1"}],"replies":[{"embeddable":true,"href":"https:\/\/www.egemtv.com\/index.php?rest_route=%2Fwp%2Fv2%2Fcomments&post=54969"}],"version-history":[{"count":1,"href":"https:\/\/www.egemtv.com\/index.php?rest_route=\/wp\/v2\/posts\/54969\/revisions"}],"predecessor-version":[{"id":54971,"href":"https:\/\/www.egemtv.com\/index.php?rest_route=\/wp\/v2\/posts\/54969\/revisions\/54971"}],"wp:featuredmedia":[{"embeddable":true,"href":"https:\/\/www.egemtv.com\/index.php?rest_route=\/wp\/v2\/media\/54970"}],"wp:attachment":[{"href":"https:\/\/www.egemtv.com\/index.php?rest_route=%2Fwp%2Fv2%2Fmedia&parent=54969"}],"wp:term":[{"taxonomy":"category","embeddable":true,"href":"https:\/\/www.egemtv.com\/index.php?rest_route=%2Fwp%2Fv2%2Fcategories&post=54969"},{"taxonomy":"post_tag","embeddable":true,"href":"https:\/\/www.egemtv.com\/index.php?rest_route=%2Fwp%2Fv2%2Ftags&post=54969"}],"curies":[{"name":"wp","href":"https:\/\/api.w.org\/{rel}","templated":true}]}}