{"id":54966,"date":"2025-09-15T12:34:52","date_gmt":"2025-09-15T09:34:52","guid":{"rendered":"https:\/\/www.egemtv.com\/?p=54966"},"modified":"2025-09-15T12:34:53","modified_gmt":"2025-09-15T09:34:53","slug":"aydinda-ogrenci-servisi-yoldan-cikip-ucuruma-suruklendi","status":"publish","type":"post","link":"https:\/\/www.egemtv.com\/?p=54966","title":{"rendered":"Ayd\u0131n\u2019da \u00f6\u011frenci servisi yoldan \u00e7\u0131k\u0131p u\u00e7uruma s\u00fcr\u00fcklendi"},"content":{"rendered":"<p>Ayd\u0131n\u2019\u0131n Sultanhisar il\u00e7esinde yoldan \u00e7\u0131k\u0131p u\u00e7uruma s\u00fcr\u00fcklenen servis minib\u00fcs\u00fcn\u00fcn \u015fof\u00f6r\u00fc ve 4 \u00f6\u011frenci kazada yaraland\u0131.<\/p>\n<p>Edinilen bilgilere g\u00f6re, 09 P 8270 plakal\u0131 okul servisi iddiaya g\u00f6re freninin tutmamas\u0131 sonucu yoldan \u00e7\u0131karak u\u00e7uruma s\u00fcr\u00fcklendi. Yakla\u015f\u0131k 50 metre s\u00fcr\u00fcklenen ara\u00e7 devrilmeden a\u011fa\u00e7lara tak\u0131larak durdu. Di\u011fer ara\u00e7 s\u00fcr\u00fcc\u00fclerinin ihbar\u0131 \u00fczerine b\u00f6lgeye itfaiye, sa\u011fl\u0131k ve jandarma ekipleri sevk edildi. Olay yerine gelen sa\u011fl\u0131k ekipleri ara\u00e7 s\u00fcr\u00fcc\u00fcs\u00fc ve 4 \u00f6\u011frenciyi ambulansla hastaneye kald\u0131rd\u0131. Arac\u0131n devrilmemesi ise kazan\u0131n \u015fiddetini \u00f6nlerken, yaral\u0131lar\u0131n sa\u011fl\u0131k durumlar\u0131n\u0131n iyi oldu\u011fu \u00f6\u011frenildi.<\/p>\n<p>Kazayla ilgili soru\u015fturma s\u00fcr\u00fcyor.<br \/><\/p>\n","protected":false},"excerpt":{"rendered":"<p>Ayd\u0131n\u2019\u0131n Sultanhisar il\u00e7esinde yoldan \u00e7\u0131k\u0131p u\u00e7uruma s\u00fcr\u00fcklenen servis minib\u00fcs\u00fcn\u00fcn \u015fof\u00f6r\u00fc ve 4 \u00f6\u011frenci kazada yaraland\u0131. Edinilen bilgilere g\u00f6re, 09 P 8270 plakal\u0131 okul servisi iddiaya g\u00f6re freninin tutmamas\u0131 sonucu yoldan \u00e7\u0131karak u\u00e7uruma s\u00fcr\u00fcklendi. Yakla\u015f\u0131k 50 metre s\u00fcr\u00fcklenen ara\u00e7 devrilmeden a\u011fa\u00e7lara tak\u0131larak durdu. Di\u011fer ara\u00e7 s\u00fcr\u00fcc\u00fclerinin ihbar\u0131 \u00fczerine b\u00f6lgeye itfaiye, sa\u011fl\u0131k ve jandarma ekipleri sevk edildi&#8230;.<\/p>\n","protected":false},"author":1,"featured_media":54967,"comment_status":"open","ping_status":"open","sticky":false,"template":"","format":"standard","meta":{"_crdt_document":"","footnotes":""},"categories":[5],"tags":[],"class_list":["post-54966","post","type-post","status-publish","format-standard","has-post-thumbnail","hentry","category-asayis"],"_links":{"self":[{"href":"https:\/\/www.egemtv.com\/index.php?rest_route=\/wp\/v2\/posts\/54966","targetHints":{"allow":["GET"]}}],"collection":[{"href":"https:\/\/www.egemtv.com\/index.php?rest_route=\/wp\/v2\/posts"}],"about":[{"href":"https:\/\/www.egemtv.com\/index.php?rest_route=\/wp\/v2\/types\/post"}],"author":[{"embeddable":true,"href":"https:\/\/www.egemtv.com\/index.php?rest_route=\/wp\/v2\/users\/1"}],"replies":[{"embeddable":true,"href":"https:\/\/www.egemtv.com\/index.php?rest_route=%2Fwp%2Fv2%2Fcomments&post=54966"}],"version-history":[{"count":1,"href":"https:\/\/www.egemtv.com\/index.php?rest_route=\/wp\/v2\/posts\/54966\/revisions"}],"predecessor-version":[{"id":54968,"href":"https:\/\/www.egemtv.com\/index.php?rest_route=\/wp\/v2\/posts\/54966\/revisions\/54968"}],"wp:featuredmedia":[{"embeddable":true,"href":"https:\/\/www.egemtv.com\/index.php?rest_route=\/wp\/v2\/media\/54967"}],"wp:attachment":[{"href":"https:\/\/www.egemtv.com\/index.php?rest_route=%2Fwp%2Fv2%2Fmedia&parent=54966"}],"wp:term":[{"taxonomy":"category","embeddable":true,"href":"https:\/\/www.egemtv.com\/index.php?rest_route=%2Fwp%2Fv2%2Fcategories&post=54966"},{"taxonomy":"post_tag","embeddable":true,"href":"https:\/\/www.egemtv.com\/index.php?rest_route=%2Fwp%2Fv2%2Ftags&post=54966"}],"curies":[{"name":"wp","href":"https:\/\/api.w.org\/{rel}","templated":true}]}}