{"id":54954,"date":"2025-09-15T12:14:59","date_gmt":"2025-09-15T09:14:59","guid":{"rendered":"https:\/\/www.egemtv.com\/?p=54954"},"modified":"2025-09-15T12:15:00","modified_gmt":"2025-09-15T09:15:00","slug":"denetimler-ise-yaradi-kurallara-uyan-suruculer-artti","status":"publish","type":"post","link":"https:\/\/www.egemtv.com\/?p=54954","title":{"rendered":"Denetimler i\u015fe yarad\u0131 kurallara uyan s\u00fcr\u00fcc\u00fcler artt\u0131"},"content":{"rendered":"<p>Ayd\u0131n\u2019\u0131n Efeler il\u00e7esinde ger\u00e7ekle\u015ftirilen drone destekli trafik denetimlerinde kurallara uymayan s\u00fcr\u00fcc\u00fcler ceza yemekten ka\u00e7amazken, yap\u0131lan denetimler sayesinde kurallara uyan Ayd\u0131nl\u0131 s\u00fcr\u00fcc\u00fcler de art\u0131\u015f ya\u015fand\u0131\u011f\u0131 g\u00f6zlemlendi.<\/p>\n<p>Ayd\u0131n\u2019da Trafik Denetleme \u015eube M\u00fcd\u00fcrl\u00fc\u011f\u00fc ve \u0130nsans\u0131z Hava Ara\u00e7lar\u0131 B\u00fcro Amirli\u011fi\u2019ne ba\u011fl\u0131 \u0130HA operat\u00f6rleri taraf\u0131ndan drone destekli trafik denetimi ger\u00e7ekle\u015ftirildi. Bu \u00e7er\u00e7evede harekete ge\u00e7en ekipler Denizli Bulvar\u0131 \u00fczerindeki Dr. Ra\u015fit Galip Baydur Kav\u015fa\u011f\u0131\u2019nda drone destekli denetim ger\u00e7ekle\u015ftirdi. Havadan yap\u0131lan denetimlerde, seyir halinde cep telefonu kullan\u0131m\u0131, emniyet kemeri takmama, kasks\u0131z motosiklet kullan\u0131m\u0131 ve k\u0131rm\u0131z\u0131 \u0131\u015f\u0131kta ge\u00e7me konular\u0131na a\u011f\u0131rl\u0131k verilirken, s\u00fcr\u00fcc\u00fclerin yapt\u0131\u011f\u0131 ihlaller de havadan g\u00f6r\u00fcnt\u00fclenerek foto\u011frafland\u0131.<\/p>\n<p>Denetimlerde emniyet kemeri takmayan, seyir halinde telefonla konu\u015fan, k\u0131rm\u0131z\u0131 \u0131\u015f\u0131k ihlali yapan, kasks\u0131z motosiklet kullanan s\u00fcr\u00fcc\u00fcler, drone marifetiyle tespit edilirken kurallara uymayan s\u00fcr\u00fcc\u00fcler hakk\u0131nda i\u015flem yap\u0131ld\u0131. Yakla\u015f\u0131k 2 saat s\u00fcren denetimlerde 200 ara\u00e7 kontrol edilirken, kurallara uymad\u0131\u011f\u0131 tespit edilen s\u00fcr\u00fcc\u00fclere de idari para cezas\u0131 uyguland\u0131.<\/p>\n<p>Havadan destekli trafik denetimlerinde emniyet kemeri takma oran\u0131n\u0131n y\u00fcksek olmas\u0131 dikkat \u00e7ekerken, kurallara uyan \u015fof\u00f6r say\u0131lar\u0131nda art\u0131\u015f g\u00f6zlemlendi. Ayd\u0131n Valili\u011fi koordinesinde y\u00fcr\u00fct\u00fclen kontrol ve denetimlerin aral\u0131ks\u0131z s\u00fcrece\u011fi \u00f6\u011frenildi.<br \/><\/p>\n","protected":false},"excerpt":{"rendered":"<p>Ayd\u0131n\u2019\u0131n Efeler il\u00e7esinde ger\u00e7ekle\u015ftirilen drone destekli trafik denetimlerinde kurallara uymayan s\u00fcr\u00fcc\u00fcler ceza yemekten ka\u00e7amazken, yap\u0131lan denetimler sayesinde kurallara uyan Ayd\u0131nl\u0131 s\u00fcr\u00fcc\u00fcler de art\u0131\u015f ya\u015fand\u0131\u011f\u0131 g\u00f6zlemlendi. Ayd\u0131n\u2019da Trafik Denetleme \u015eube M\u00fcd\u00fcrl\u00fc\u011f\u00fc ve \u0130nsans\u0131z Hava Ara\u00e7lar\u0131 B\u00fcro Amirli\u011fi\u2019ne ba\u011fl\u0131 \u0130HA operat\u00f6rleri taraf\u0131ndan drone destekli trafik denetimi ger\u00e7ekle\u015ftirildi. Bu \u00e7er\u00e7evede harekete ge\u00e7en ekipler Denizli Bulvar\u0131 \u00fczerindeki Dr. Ra\u015fit&#8230;<\/p>\n","protected":false},"author":1,"featured_media":54955,"comment_status":"open","ping_status":"open","sticky":false,"template":"","format":"standard","meta":{"_crdt_document":"","footnotes":""},"categories":[5],"tags":[],"class_list":["post-54954","post","type-post","status-publish","format-standard","has-post-thumbnail","hentry","category-asayis"],"_links":{"self":[{"href":"https:\/\/www.egemtv.com\/index.php?rest_route=\/wp\/v2\/posts\/54954","targetHints":{"allow":["GET"]}}],"collection":[{"href":"https:\/\/www.egemtv.com\/index.php?rest_route=\/wp\/v2\/posts"}],"about":[{"href":"https:\/\/www.egemtv.com\/index.php?rest_route=\/wp\/v2\/types\/post"}],"author":[{"embeddable":true,"href":"https:\/\/www.egemtv.com\/index.php?rest_route=\/wp\/v2\/users\/1"}],"replies":[{"embeddable":true,"href":"https:\/\/www.egemtv.com\/index.php?rest_route=%2Fwp%2Fv2%2Fcomments&post=54954"}],"version-history":[{"count":1,"href":"https:\/\/www.egemtv.com\/index.php?rest_route=\/wp\/v2\/posts\/54954\/revisions"}],"predecessor-version":[{"id":54956,"href":"https:\/\/www.egemtv.com\/index.php?rest_route=\/wp\/v2\/posts\/54954\/revisions\/54956"}],"wp:featuredmedia":[{"embeddable":true,"href":"https:\/\/www.egemtv.com\/index.php?rest_route=\/wp\/v2\/media\/54955"}],"wp:attachment":[{"href":"https:\/\/www.egemtv.com\/index.php?rest_route=%2Fwp%2Fv2%2Fmedia&parent=54954"}],"wp:term":[{"taxonomy":"category","embeddable":true,"href":"https:\/\/www.egemtv.com\/index.php?rest_route=%2Fwp%2Fv2%2Fcategories&post=54954"},{"taxonomy":"post_tag","embeddable":true,"href":"https:\/\/www.egemtv.com\/index.php?rest_route=%2Fwp%2Fv2%2Ftags&post=54954"}],"curies":[{"name":"wp","href":"https:\/\/api.w.org\/{rel}","templated":true}]}}