{"id":54951,"date":"2025-09-15T12:14:58","date_gmt":"2025-09-15T09:14:58","guid":{"rendered":"https:\/\/www.egemtv.com\/?p=54951"},"modified":"2025-09-15T12:14:59","modified_gmt":"2025-09-15T09:14:59","slug":"dunya-birincisi-hafizlardan-kirkagacta-kuran-ziyafeti","status":"publish","type":"post","link":"https:\/\/www.egemtv.com\/?p=54951","title":{"rendered":"D\u00fcnya birincisi haf\u0131zlardan K\u0131rka\u011fa\u00e7\u2019ta Kur\u2019an ziyafeti"},"content":{"rendered":"<p>Manisa\u2019n\u0131n K\u0131rka\u011fa\u00e7 il\u00e7esinde 29 y\u0131ld\u0131r aral\u0131ks\u0131z s\u00fcren Alifak\u0131 hayr\u0131, bu y\u0131l da haf\u0131zlar\u0131n Kur\u2019an ziyafeti ve yo\u011fun kat\u0131l\u0131mla manevi bir bulu\u015fmaya d\u00f6n\u00fc\u015ft\u00fc.<br \/>\n<br \/>Manisa\u2019n\u0131n K\u0131rka\u011fa\u00e7 il\u00e7esi Alifak\u0131 Mahallesi\u2019nde geleneksel hale gelen ve bu y\u0131l 29\u2019uncusu d\u00fczenlenen hay\u0131r program\u0131 yo\u011fun kat\u0131l\u0131mla ger\u00e7ekle\u015ftirildi.<br \/>\n<br \/>Programda d\u00fcnya Kur\u2019an-\u0131 Kerim okuma birincileri, davetlilere unutulmaz bir Kur\u2019an ziyafeti sundu. K\u0131rka\u011fa\u00e7 Alifak\u0131 Mahallesi\u2019nde d\u00fczenlenen programa K\u0131rka\u011fa\u00e7 Kaymakam\u0131 Zafer Oktay, Belediye Ba\u015fkan\u0131 \u00dcst\u00fcn D\u00f6nmez ve \u00e7ok say\u0131da vatanda\u015f kat\u0131ld\u0131.<br \/>\n<br \/>\u00d6\u011fle namaz\u0131 \u00f6ncesinde Kur\u2019an-\u0131 Kerim\u2019i G\u00fczel Okuma D\u00fcnya Birincileri Ahmet Y\u00fcksel ve Ferruh Mu\u015ftuer ile TRT Kur\u2019an-\u0131 Kerim Okuma Birincileri Samet Acar ve H\u00fcseyin Akbulut, ayr\u0131ca Ezan-\u0131 Muhammedi G\u00fczel Okuma Birincisi Selman K\u0131zmaz, Mehmet Ali \u00d6zyaka, Hasan H\u00fcseyin T\u00fcrker, Yakup A\u00e7\u0131kg\u00f6z ve Alifak\u0131 Camii \u0130mam Hatibi Halil \u0130brahim Erguvan Kur\u2019an-\u0131 Kerim, ilahi ve mevlid okumalar\u0131yla g\u00f6n\u00fclleri mest etti.<br \/>\n<br \/>\u00d6\u011fle namaz\u0131n\u0131n ard\u0131ndan dualarla ba\u015flayan programda, kat\u0131l\u0131mc\u0131lara y\u00f6resel yemeklerden \u00e7orba, nohut, g\u00fcve\u00e7, ke\u015fkek, cac\u0131k, salata ve h\u00f6\u015fmerim ikram edildi.<br \/>\n<br \/>Etkinlik sonras\u0131 konuklar Alifak\u0131 Hazretleri\u2019nin t\u00fcrbesini ziyaret ederek bolluk ve bereketli bir y\u0131l i\u00e7in dua etti.<br \/>\n<br \/>Alifak\u0131 Mahallesi Muhtar\u0131 Burhanettin Top\u00e7u, &#8220;Bu y\u0131l 29\u2019uncusunu d\u00fczenledi\u011fimiz Alifak\u0131 Hayr\u0131\u2019na farkl\u0131 il ve il\u00e7elerden yo\u011fun bir kat\u0131l\u0131m oldu. Misafirlerimiz bizleri onurland\u0131rd\u0131. Amac\u0131m\u0131z Alifak\u0131 Hazretleri\u2019nin ruhaniyetini ho\u015fnut etmek ve mahallemizi kaza ve belalardan Rabbimizin korumas\u0131n\u0131 dilemektir. Allah dualar\u0131m\u0131z\u0131 ve hayr\u0131m\u0131z\u0131 kabul etsin&#8221; dedi.<br \/><\/p>\n","protected":false},"excerpt":{"rendered":"<p>Manisa\u2019n\u0131n K\u0131rka\u011fa\u00e7 il\u00e7esinde 29 y\u0131ld\u0131r aral\u0131ks\u0131z s\u00fcren Alifak\u0131 hayr\u0131, bu y\u0131l da haf\u0131zlar\u0131n Kur\u2019an ziyafeti ve yo\u011fun kat\u0131l\u0131mla manevi bir bulu\u015fmaya d\u00f6n\u00fc\u015ft\u00fc. Manisa\u2019n\u0131n K\u0131rka\u011fa\u00e7 il\u00e7esi Alifak\u0131 Mahallesi\u2019nde geleneksel hale gelen ve bu y\u0131l 29\u2019uncusu d\u00fczenlenen hay\u0131r program\u0131 yo\u011fun kat\u0131l\u0131mla ger\u00e7ekle\u015ftirildi. Programda d\u00fcnya Kur\u2019an-\u0131 Kerim okuma birincileri, davetlilere unutulmaz bir Kur\u2019an ziyafeti sundu. K\u0131rka\u011fa\u00e7 Alifak\u0131 Mahallesi\u2019nde&#8230;<\/p>\n","protected":false},"author":1,"featured_media":54952,"comment_status":"open","ping_status":"open","sticky":false,"template":"","format":"standard","meta":{"_crdt_document":"","footnotes":""},"categories":[1],"tags":[],"class_list":["post-54951","post","type-post","status-publish","format-standard","has-post-thumbnail","hentry","category-guncel"],"_links":{"self":[{"href":"https:\/\/www.egemtv.com\/index.php?rest_route=\/wp\/v2\/posts\/54951","targetHints":{"allow":["GET"]}}],"collection":[{"href":"https:\/\/www.egemtv.com\/index.php?rest_route=\/wp\/v2\/posts"}],"about":[{"href":"https:\/\/www.egemtv.com\/index.php?rest_route=\/wp\/v2\/types\/post"}],"author":[{"embeddable":true,"href":"https:\/\/www.egemtv.com\/index.php?rest_route=\/wp\/v2\/users\/1"}],"replies":[{"embeddable":true,"href":"https:\/\/www.egemtv.com\/index.php?rest_route=%2Fwp%2Fv2%2Fcomments&post=54951"}],"version-history":[{"count":1,"href":"https:\/\/www.egemtv.com\/index.php?rest_route=\/wp\/v2\/posts\/54951\/revisions"}],"predecessor-version":[{"id":54953,"href":"https:\/\/www.egemtv.com\/index.php?rest_route=\/wp\/v2\/posts\/54951\/revisions\/54953"}],"wp:featuredmedia":[{"embeddable":true,"href":"https:\/\/www.egemtv.com\/index.php?rest_route=\/wp\/v2\/media\/54952"}],"wp:attachment":[{"href":"https:\/\/www.egemtv.com\/index.php?rest_route=%2Fwp%2Fv2%2Fmedia&parent=54951"}],"wp:term":[{"taxonomy":"category","embeddable":true,"href":"https:\/\/www.egemtv.com\/index.php?rest_route=%2Fwp%2Fv2%2Fcategories&post=54951"},{"taxonomy":"post_tag","embeddable":true,"href":"https:\/\/www.egemtv.com\/index.php?rest_route=%2Fwp%2Fv2%2Ftags&post=54951"}],"curies":[{"name":"wp","href":"https:\/\/api.w.org\/{rel}","templated":true}]}}