{"id":54945,"date":"2025-09-15T11:54:54","date_gmt":"2025-09-15T08:54:54","guid":{"rendered":"https:\/\/www.egemtv.com\/?p=54945"},"modified":"2025-09-15T11:54:54","modified_gmt":"2025-09-15T08:54:54","slug":"mhp-il-baskani-alicik-onceligimiz-aydin-ve-hemsehrilerimizdir","status":"publish","type":"post","link":"https:\/\/www.egemtv.com\/?p=54945","title":{"rendered":"MHP \u0130l Ba\u015fkan\u0131 Al\u0131c\u0131k: &#8220;\u00d6nceli\u011fimiz Ayd\u0131n ve hem\u015fehrilerimizdir&#8221;"},"content":{"rendered":"<p>Milliyet\u00e7i Hareket Partisi (MHP) Ayd\u0131n \u0130l Ba\u015fkan\u0131 Haluk Al\u0131c\u0131k, yap\u0131lamayan Ayd\u0131n B\u00fcy\u00fck\u015fehir Belediye meclis toplant\u0131s\u0131nda ya\u015fanan gerginlik sonras\u0131nda yapt\u0131\u011f\u0131 a\u00e7\u0131klamada \u00f6nceliklerinin Ayd\u0131n kenti ve Ayd\u0131nl\u0131lar oldu\u011funu belirtti.<\/p>\n<p>Ayd\u0131n B\u00fcy\u00fck\u015fehir Belediye Ba\u015fkan\u0131 \u00d6zlem \u00c7er\u00e7io\u011flu\u2019nun CHP\u2019den istifa edip AK Parti\u2019ye ge\u00e7mesinin ard\u0131ndan yap\u0131lmas\u0131 planlanan ilk meclis toplant\u0131s\u0131 salonda ya\u015fanan gerginlik sebebiyle ertelendi. Toplant\u0131n\u0131n ard\u0131ndan a\u00e7\u0131klamalarda bulunan MHP Ayd\u0131n \u0130l Ba\u015fkan\u0131 Haluk Al\u0131c\u0131k, Ayd\u0131n\u2019\u0131n sorunlar\u0131n\u0131n \u00e7\u00f6z\u00fcm\u00fcnde ellerini de\u011fil g\u00f6vdelerini ta\u015f\u0131n alt\u0131na koymaya haz\u0131r olduklar\u0131n\u0131 vurgulad\u0131. MHP \u0130l Ba\u015fkan\u0131 Al\u0131c\u0131k, &#8220;Kaybedecek zaman\u0131m\u0131z yok. Ayd\u0131n kentimiz ve hem\u015fehrilerimiz i\u00e7in do\u011fru kararlar\u0131 s\u00fcratle alma zaman\u0131d\u0131r. Ayr\u0131\u015ft\u0131ran de\u011fil, birle\u015ftiren, hizmet ile toplumsal fayday\u0131 bulu\u015fturan bir anlay\u0131\u015fla \u00e7al\u0131\u015faca\u011f\u0131z. Afetlere kar\u015f\u0131 \u00e7a\u011fda\u015f tedbirler \u00fcreten, teknolojiyi g\u00fcncelleyen, bilimi, sanat\u0131 ve sporu kentle bulu\u015fturan bir Ayd\u0131n i\u00e7in \u00e7ok \u00e7al\u0131\u015fmak zorunday\u0131z&#8221; ifadelerini kulland\u0131.<\/p>\n<p>16 Eyl\u00fcl 2025 Sal\u0131 g\u00fcn\u00fc yap\u0131lacak Ayd\u0131n B\u00fcy\u00fck\u015fehir Belediye Meclis Toplant\u0131s\u0131\u2019n\u0131n verimli ge\u00e7mesini temenni eden Al\u0131c\u0131k, &#8220;T\u00fcrk milliyet\u00e7ilerinin kalesi Milliyet\u00e7i Hareket Partimiz, siyasi hayat\u0131 boyunca cesur roller \u00fcstlenmi\u015f, b\u00fcy\u00fck mesuliyetler omuzlam\u0131\u015ft\u0131r. Bug\u00fcn de Ayd\u0131n Kentimizin t\u00fcm sorunlar\u0131n\u0131n \u00e7\u00f6z\u00fcm\u00fcnde var\u0131z. Ayd\u0131n\u2019a zaman kaybettiren, \u00e7al\u0131\u015fmalar\u0131 yava\u015flatan ve kentimizin siyasi g\u00f6r\u00fcn\u00fcrl\u00fc\u011f\u00fcn\u00fc olumsuz etkileyecek her t\u00fcrl\u00fc durumdan uzak durmak gerekir. T\u00fcm meclis \u00fcyelerimizden beklentimiz budur&#8221; diye konu\u015ftu.<br \/><\/p>\n","protected":false},"excerpt":{"rendered":"<p>Milliyet\u00e7i Hareket Partisi (MHP) Ayd\u0131n \u0130l Ba\u015fkan\u0131 Haluk Al\u0131c\u0131k, yap\u0131lamayan Ayd\u0131n B\u00fcy\u00fck\u015fehir Belediye meclis toplant\u0131s\u0131nda ya\u015fanan gerginlik sonras\u0131nda yapt\u0131\u011f\u0131 a\u00e7\u0131klamada \u00f6nceliklerinin Ayd\u0131n kenti ve Ayd\u0131nl\u0131lar oldu\u011funu belirtti. Ayd\u0131n B\u00fcy\u00fck\u015fehir Belediye Ba\u015fkan\u0131 \u00d6zlem \u00c7er\u00e7io\u011flu\u2019nun CHP\u2019den istifa edip AK Parti\u2019ye ge\u00e7mesinin ard\u0131ndan yap\u0131lmas\u0131 planlanan ilk meclis toplant\u0131s\u0131 salonda ya\u015fanan gerginlik sebebiyle ertelendi. Toplant\u0131n\u0131n ard\u0131ndan a\u00e7\u0131klamalarda bulunan MHP&#8230;<\/p>\n","protected":false},"author":1,"featured_media":54946,"comment_status":"open","ping_status":"open","sticky":false,"template":"","format":"standard","meta":{"_crdt_document":"","footnotes":""},"categories":[127],"tags":[],"class_list":["post-54945","post","type-post","status-publish","format-standard","has-post-thumbnail","hentry","category-siyaset"],"_links":{"self":[{"href":"https:\/\/www.egemtv.com\/index.php?rest_route=\/wp\/v2\/posts\/54945","targetHints":{"allow":["GET"]}}],"collection":[{"href":"https:\/\/www.egemtv.com\/index.php?rest_route=\/wp\/v2\/posts"}],"about":[{"href":"https:\/\/www.egemtv.com\/index.php?rest_route=\/wp\/v2\/types\/post"}],"author":[{"embeddable":true,"href":"https:\/\/www.egemtv.com\/index.php?rest_route=\/wp\/v2\/users\/1"}],"replies":[{"embeddable":true,"href":"https:\/\/www.egemtv.com\/index.php?rest_route=%2Fwp%2Fv2%2Fcomments&post=54945"}],"version-history":[{"count":1,"href":"https:\/\/www.egemtv.com\/index.php?rest_route=\/wp\/v2\/posts\/54945\/revisions"}],"predecessor-version":[{"id":54947,"href":"https:\/\/www.egemtv.com\/index.php?rest_route=\/wp\/v2\/posts\/54945\/revisions\/54947"}],"wp:featuredmedia":[{"embeddable":true,"href":"https:\/\/www.egemtv.com\/index.php?rest_route=\/wp\/v2\/media\/54946"}],"wp:attachment":[{"href":"https:\/\/www.egemtv.com\/index.php?rest_route=%2Fwp%2Fv2%2Fmedia&parent=54945"}],"wp:term":[{"taxonomy":"category","embeddable":true,"href":"https:\/\/www.egemtv.com\/index.php?rest_route=%2Fwp%2Fv2%2Fcategories&post=54945"},{"taxonomy":"post_tag","embeddable":true,"href":"https:\/\/www.egemtv.com\/index.php?rest_route=%2Fwp%2Fv2%2Ftags&post=54945"}],"curies":[{"name":"wp","href":"https:\/\/api.w.org\/{rel}","templated":true}]}}