{"id":54939,"date":"2025-09-15T11:34:42","date_gmt":"2025-09-15T08:34:42","guid":{"rendered":"https:\/\/www.egemtv.com\/?p=54939"},"modified":"2025-09-15T11:34:43","modified_gmt":"2025-09-15T08:34:43","slug":"dumlupinar-universitesi-yeni-ogrencilerini-karsiladi","status":"publish","type":"post","link":"https:\/\/www.egemtv.com\/?p=54939","title":{"rendered":"Dumlup\u0131nar \u00dcniversitesi yeni \u00f6\u011frencilerini kar\u015f\u0131lad\u0131"},"content":{"rendered":"<p>Dumlup\u0131nar \u00dcniversitesi Rekt\u00f6r\u00fc Prof. Dr. S\u00fcleyman K\u0131z\u0131ltoprak, 2025 YKS ile \u00fcniversiteye yerle\u015fen \u00f6\u011frencileri K\u00fctahya \u015eehirleraras\u0131 Otob\u00fcs Terminali\u2019nde kar\u015f\u0131lad\u0131.<br \/>\n<br \/>K\u00fctahya \u015eehirleraras\u0131 Otob\u00fcs Terminali\u2019nde olu\u015fturulan \u00f6\u011frenci destek masas\u0131nda, \u00f6\u011frenciler ve aileleri \u00fcniversite temsilcileri taraf\u0131ndan kar\u015f\u0131land\u0131. \u0130lk andan itibaren yanlar\u0131nda DP\u00dc\u2019y\u00fc g\u00f6ren \u00f6\u011frenciler ve veliler, bu \u00e7al\u0131\u015fmadan dolay\u0131 memnuniyetlerini dile getirerek te\u015fekk\u00fcr ettiler.<br \/>\n<br \/>Rekt\u00f6r Prof. Dr. S\u00fcleyman K\u0131z\u0131ltoprak, otob\u00fcs terminalinde \u00f6\u011frencilerle bir araya geldi. \u00d6\u011frencilerle sohbet eden Rekt\u00f6r K\u0131z\u0131ltoprak, K\u00fctahya Dumlup\u0131nar \u00dcniversitesini tercih ettikleri i\u00e7in te\u015fekk\u00fcrlerini sundu ve yeni d\u00f6nemde kazan\u0131lacak her ba\u015far\u0131n\u0131n \u00f6\u011frencilerimizin katk\u0131s\u0131yla \u015fekillenece\u011fini ifade etti.<br \/>\n<br \/>\u00d6\u011frencilerin kar\u015f\u0131lanmas\u0131n\u0131n yan\u0131nda bar\u0131nma alanlar\u0131n\u0131 da yak\u0131ndan takip eden Rekt\u00f6r K\u0131z\u0131ltoprak, Evliya \u00c7elebi Yerle\u015fkesinin i\u00e7inde yer alan Kredi ve Yurtlar Genel M\u00fcd\u00fcrl\u00fc\u011f\u00fcne ba\u011fl\u0131 yurtlar\u0131 ziyaret ederek \u00f6\u011frencilerle sohbet etti ve taleplerini dinledi.<br \/>\n<br \/>Prof. Dr. K\u0131z\u0131ltoprak sosyal medya hesab\u0131ndan yay\u0131mlad\u0131\u011f\u0131 mesaj\u0131nda ise &#8220;K\u00fctahya Dumlup\u0131nar \u00dcniversitesi ailesine kat\u0131lan sevgili gen\u00e7ler, Hayallerinizin pe\u015finden y\u00fcr\u00fcd\u00fc\u011f\u00fcn\u00fcz bu yolculukta ilk ad\u0131mlar\u0131n\u0131z\u0131 atarken sizleri aram\u0131zda g\u00f6rmekten b\u00fcy\u00fck mutluluk duyuyoruz. \u00dcniversite hayat\u0131n\u0131za ba\u015flarken, belki de \u00e7o\u011funuzun ilk defa ad\u0131m att\u0131\u011f\u0131 \u015fehrimizde sizleri kar\u015f\u0131layarak bu heyecan\u0131n\u0131za ortak oluyoruz. Dumlup\u0131nar\u2019\u0131n k\u00f6kl\u00fc ge\u00e7mi\u015fi ve g\u00fc\u00e7l\u00fc ailesiyle art\u0131k sizler de bu b\u00fcy\u00fck yolculu\u011fun bir par\u00e7as\u0131s\u0131n\u0131z. Yolunuz a\u00e7\u0131k, gelece\u011finiz ayd\u0131nl\u0131k olsun. Hepinize ho\u015f geldiniz&#8221; dedi.<br \/><\/p>\n","protected":false},"excerpt":{"rendered":"<p>Dumlup\u0131nar \u00dcniversitesi Rekt\u00f6r\u00fc Prof. Dr. S\u00fcleyman K\u0131z\u0131ltoprak, 2025 YKS ile \u00fcniversiteye yerle\u015fen \u00f6\u011frencileri K\u00fctahya \u015eehirleraras\u0131 Otob\u00fcs Terminali\u2019nde kar\u015f\u0131lad\u0131. K\u00fctahya \u015eehirleraras\u0131 Otob\u00fcs Terminali\u2019nde olu\u015fturulan \u00f6\u011frenci destek masas\u0131nda, \u00f6\u011frenciler ve aileleri \u00fcniversite temsilcileri taraf\u0131ndan kar\u015f\u0131land\u0131. \u0130lk andan itibaren yanlar\u0131nda DP\u00dc\u2019y\u00fc g\u00f6ren \u00f6\u011frenciler ve veliler, bu \u00e7al\u0131\u015fmadan dolay\u0131 memnuniyetlerini dile getirerek te\u015fekk\u00fcr ettiler. Rekt\u00f6r Prof. Dr. S\u00fcleyman K\u0131z\u0131ltoprak,&#8230;<\/p>\n","protected":false},"author":1,"featured_media":54940,"comment_status":"open","ping_status":"open","sticky":false,"template":"","format":"standard","meta":{"_crdt_document":"","footnotes":""},"categories":[1],"tags":[],"class_list":["post-54939","post","type-post","status-publish","format-standard","has-post-thumbnail","hentry","category-guncel"],"_links":{"self":[{"href":"https:\/\/www.egemtv.com\/index.php?rest_route=\/wp\/v2\/posts\/54939","targetHints":{"allow":["GET"]}}],"collection":[{"href":"https:\/\/www.egemtv.com\/index.php?rest_route=\/wp\/v2\/posts"}],"about":[{"href":"https:\/\/www.egemtv.com\/index.php?rest_route=\/wp\/v2\/types\/post"}],"author":[{"embeddable":true,"href":"https:\/\/www.egemtv.com\/index.php?rest_route=\/wp\/v2\/users\/1"}],"replies":[{"embeddable":true,"href":"https:\/\/www.egemtv.com\/index.php?rest_route=%2Fwp%2Fv2%2Fcomments&post=54939"}],"version-history":[{"count":1,"href":"https:\/\/www.egemtv.com\/index.php?rest_route=\/wp\/v2\/posts\/54939\/revisions"}],"predecessor-version":[{"id":54941,"href":"https:\/\/www.egemtv.com\/index.php?rest_route=\/wp\/v2\/posts\/54939\/revisions\/54941"}],"wp:featuredmedia":[{"embeddable":true,"href":"https:\/\/www.egemtv.com\/index.php?rest_route=\/wp\/v2\/media\/54940"}],"wp:attachment":[{"href":"https:\/\/www.egemtv.com\/index.php?rest_route=%2Fwp%2Fv2%2Fmedia&parent=54939"}],"wp:term":[{"taxonomy":"category","embeddable":true,"href":"https:\/\/www.egemtv.com\/index.php?rest_route=%2Fwp%2Fv2%2Fcategories&post=54939"},{"taxonomy":"post_tag","embeddable":true,"href":"https:\/\/www.egemtv.com\/index.php?rest_route=%2Fwp%2Fv2%2Ftags&post=54939"}],"curies":[{"name":"wp","href":"https:\/\/api.w.org\/{rel}","templated":true}]}}