{"id":54936,"date":"2025-09-15T11:34:41","date_gmt":"2025-09-15T08:34:41","guid":{"rendered":"https:\/\/www.egemtv.com\/?p=54936"},"modified":"2025-09-15T11:34:42","modified_gmt":"2025-09-15T08:34:42","slug":"dogal-urunleriyle-festivale-renk-kattilar","status":"publish","type":"post","link":"https:\/\/www.egemtv.com\/?p=54936","title":{"rendered":"Do\u011fal \u00fcr\u00fcnleriyle festivale renk katt\u0131lar"},"content":{"rendered":"<p>Manisa\u2019n\u0131n Sar\u0131g\u00f6l il\u00e7esinde faaliyet g\u00f6steren Sar\u0131g\u00f6l Kad\u0131n Kooperatifi (SARKOOP), tamamen do\u011fal y\u00f6ntemlerle \u00fcrettikleri \u00fcr\u00fcnleri 17. Sultaniye \u00dcz\u00fcm Festivali\u2019nde vatanda\u015flarla bulu\u015fturdu.<br \/>\n<br \/>Manisa\u2019n\u0131n Sar\u0131g\u00f6l il\u00e7esinde uzun y\u0131llard\u0131r faaliyet g\u00f6steren Sar\u0131g\u00f6l Kad\u0131n Kooperatifi (SARKOOP), do\u011fal y\u00f6ntemlerle \u00fcrettikleri \u00fcr\u00fcnleri T\u00fcrkiye\u2019nin bir\u00e7ok iline internet \u00fczerinden ula\u015ft\u0131r\u0131yor.<br \/>\n<br \/>Kooperatif \u00fcyeleri, domates, biber, zeytin, \u00fcz\u00fcm, ceviz gibi \u00fcr\u00fcnleri kendileri yeti\u015ftiriyor. Daha sonra bu \u00fcr\u00fcnleri hijyenik \u015fartlarda i\u015fleyerek sal\u00e7a, pekmez, g\u00fcnbal\u0131, zeytinya\u011f\u0131, tarhana, eri\u015fte, makarna, kuru \u00fcz\u00fcm gibi bir\u00e7ok \u00fcr\u00fcn\u00fc haz\u0131rlay\u0131p sat\u0131\u015fa sunuyor.<br \/>\n<br \/>Bu y\u0131l 17. Sar\u0131g\u00f6l Sultaniye \u00dcz\u00fcm Festivali\u2019nde a\u00e7t\u0131klar\u0131 geni\u015f stant ile \u00fcr\u00fcnlerini sergileyen kad\u0131n kooperatifi, vatanda\u015flardan b\u00fcy\u00fck ilgi g\u00f6rd\u00fc. Festival ziyaret\u00e7ileri, &#8220;Her \u015feyiyle do\u011fal oldu\u011funu bildi\u011fimiz i\u00e7in g\u00f6n\u00fcl rahatl\u0131\u011f\u0131yla al\u0131yoruz. Ev yap\u0131m\u0131 \u00fcr\u00fcnlerden daha g\u00fczel&#8221; s\u00f6zleriyle memnuniyetlerini dile getirdi.<br \/>\n<br \/>Sar\u0131g\u00f6l Kad\u0131n Kooperatifi Ba\u015fkan\u0131 Emine \u00d6zy\u0131ld\u0131z Aygan ise, &#8220;Yapt\u0131\u011f\u0131m\u0131z \u00fcr\u00fcnler tamamen do\u011fald\u0131r. Hi\u00e7bir katk\u0131 maddesi bulunmaz. Vatanda\u015flar\u0131m\u0131z da g\u00fcvenerek, g\u00f6n\u00fcl rahatl\u0131\u011f\u0131yla tercih ediyor&#8221; dedi.<br \/><\/p>\n","protected":false},"excerpt":{"rendered":"<p>Manisa\u2019n\u0131n Sar\u0131g\u00f6l il\u00e7esinde faaliyet g\u00f6steren Sar\u0131g\u00f6l Kad\u0131n Kooperatifi (SARKOOP), tamamen do\u011fal y\u00f6ntemlerle \u00fcrettikleri \u00fcr\u00fcnleri 17. Sultaniye \u00dcz\u00fcm Festivali\u2019nde vatanda\u015flarla bulu\u015fturdu. Manisa\u2019n\u0131n Sar\u0131g\u00f6l il\u00e7esinde uzun y\u0131llard\u0131r faaliyet g\u00f6steren Sar\u0131g\u00f6l Kad\u0131n Kooperatifi (SARKOOP), do\u011fal y\u00f6ntemlerle \u00fcrettikleri \u00fcr\u00fcnleri T\u00fcrkiye\u2019nin bir\u00e7ok iline internet \u00fczerinden ula\u015ft\u0131r\u0131yor. Kooperatif \u00fcyeleri, domates, biber, zeytin, \u00fcz\u00fcm, ceviz gibi \u00fcr\u00fcnleri kendileri yeti\u015ftiriyor. Daha sonra bu&#8230;<\/p>\n","protected":false},"author":1,"featured_media":54937,"comment_status":"open","ping_status":"open","sticky":false,"template":"","format":"standard","meta":{"_crdt_document":"","footnotes":""},"categories":[125],"tags":[],"class_list":["post-54936","post","type-post","status-publish","format-standard","has-post-thumbnail","hentry","category-ekonomi"],"_links":{"self":[{"href":"https:\/\/www.egemtv.com\/index.php?rest_route=\/wp\/v2\/posts\/54936","targetHints":{"allow":["GET"]}}],"collection":[{"href":"https:\/\/www.egemtv.com\/index.php?rest_route=\/wp\/v2\/posts"}],"about":[{"href":"https:\/\/www.egemtv.com\/index.php?rest_route=\/wp\/v2\/types\/post"}],"author":[{"embeddable":true,"href":"https:\/\/www.egemtv.com\/index.php?rest_route=\/wp\/v2\/users\/1"}],"replies":[{"embeddable":true,"href":"https:\/\/www.egemtv.com\/index.php?rest_route=%2Fwp%2Fv2%2Fcomments&post=54936"}],"version-history":[{"count":1,"href":"https:\/\/www.egemtv.com\/index.php?rest_route=\/wp\/v2\/posts\/54936\/revisions"}],"predecessor-version":[{"id":54938,"href":"https:\/\/www.egemtv.com\/index.php?rest_route=\/wp\/v2\/posts\/54936\/revisions\/54938"}],"wp:featuredmedia":[{"embeddable":true,"href":"https:\/\/www.egemtv.com\/index.php?rest_route=\/wp\/v2\/media\/54937"}],"wp:attachment":[{"href":"https:\/\/www.egemtv.com\/index.php?rest_route=%2Fwp%2Fv2%2Fmedia&parent=54936"}],"wp:term":[{"taxonomy":"category","embeddable":true,"href":"https:\/\/www.egemtv.com\/index.php?rest_route=%2Fwp%2Fv2%2Fcategories&post=54936"},{"taxonomy":"post_tag","embeddable":true,"href":"https:\/\/www.egemtv.com\/index.php?rest_route=%2Fwp%2Fv2%2Ftags&post=54936"}],"curies":[{"name":"wp","href":"https:\/\/api.w.org\/{rel}","templated":true}]}}