{"id":54930,"date":"2025-09-15T11:34:39","date_gmt":"2025-09-15T08:34:39","guid":{"rendered":"https:\/\/www.egemtv.com\/?p=54930"},"modified":"2025-09-15T11:34:40","modified_gmt":"2025-09-15T08:34:40","slug":"ispartada-uyusturucu-operasyonu-1-tutuklama","status":"publish","type":"post","link":"https:\/\/www.egemtv.com\/?p=54930","title":{"rendered":"Isparta\u2019da uyu\u015fturucu operasyonu: 1 tutuklama"},"content":{"rendered":"<p>Isparta \u0130l Emniyet M\u00fcd\u00fcrl\u00fc\u011f\u00fc ekiplerince ger\u00e7ekle\u015ftirilen operasyonda, \u00e7e\u015fitli miktarlarda uyu\u015fturucu madde ele ge\u00e7irildi. 6 \u015f\u00fcpheli hakk\u0131nda adli i\u015flem yap\u0131l\u0131rken, 1 ki\u015fi tutukland\u0131.<br \/>\n<br \/>Isparta \u0130l Emniyet M\u00fcd\u00fcrl\u00fc\u011f\u00fc ekipleri, 13 Eyl\u00fcl Cumartesi g\u00fcn\u00fc uyu\u015fturucuya y\u00f6nelik operasyon d\u00fczenledi. Bir ikamet ve iki ara\u00e7ta yap\u0131lan aramalarda; 22,62 gram sentetik kannabinoid, 2 kullan\u0131ml\u0131k k\u00e2\u011f\u0131da emdirilmi\u015f sentetik kannabinoid ve 12 adet sentetik ecza ele ge\u00e7irildi. Operasyonda 6 \u015f\u00fcpheli hakk\u0131nda &#8220;Uyu\u015fturucu veya Uyar\u0131c\u0131 Madde Bulundurmak ve Kullanmak&#8221; su\u00e7undan adli i\u015flem ba\u015flat\u0131ld\u0131. Ayr\u0131ca 1 \u015f\u00fcpheli &#8220;Uyu\u015fturucu veya Uyar\u0131c\u0131 Madde Ticareti&#8221; su\u00e7undan g\u00f6zalt\u0131na al\u0131nd\u0131. Emniyetteki i\u015flemlerinin ard\u0131ndan adliyeye sevk edilen \u015f\u00fcpheli, d\u00fcn \u00e7\u0131kar\u0131ld\u0131\u011f\u0131 mahkemece tutuklanarak cezaevine g\u00f6nderildi.<br \/><\/p>\n","protected":false},"excerpt":{"rendered":"<p>Isparta \u0130l Emniyet M\u00fcd\u00fcrl\u00fc\u011f\u00fc ekiplerince ger\u00e7ekle\u015ftirilen operasyonda, \u00e7e\u015fitli miktarlarda uyu\u015fturucu madde ele ge\u00e7irildi. 6 \u015f\u00fcpheli hakk\u0131nda adli i\u015flem yap\u0131l\u0131rken, 1 ki\u015fi tutukland\u0131. Isparta \u0130l Emniyet M\u00fcd\u00fcrl\u00fc\u011f\u00fc ekipleri, 13 Eyl\u00fcl Cumartesi g\u00fcn\u00fc uyu\u015fturucuya y\u00f6nelik operasyon d\u00fczenledi. Bir ikamet ve iki ara\u00e7ta yap\u0131lan aramalarda; 22,62 gram sentetik kannabinoid, 2 kullan\u0131ml\u0131k k\u00e2\u011f\u0131da emdirilmi\u015f sentetik kannabinoid ve 12 adet&#8230;<\/p>\n","protected":false},"author":1,"featured_media":54931,"comment_status":"open","ping_status":"open","sticky":false,"template":"","format":"standard","meta":{"_crdt_document":"","footnotes":""},"categories":[5],"tags":[],"class_list":["post-54930","post","type-post","status-publish","format-standard","has-post-thumbnail","hentry","category-asayis"],"_links":{"self":[{"href":"https:\/\/www.egemtv.com\/index.php?rest_route=\/wp\/v2\/posts\/54930","targetHints":{"allow":["GET"]}}],"collection":[{"href":"https:\/\/www.egemtv.com\/index.php?rest_route=\/wp\/v2\/posts"}],"about":[{"href":"https:\/\/www.egemtv.com\/index.php?rest_route=\/wp\/v2\/types\/post"}],"author":[{"embeddable":true,"href":"https:\/\/www.egemtv.com\/index.php?rest_route=\/wp\/v2\/users\/1"}],"replies":[{"embeddable":true,"href":"https:\/\/www.egemtv.com\/index.php?rest_route=%2Fwp%2Fv2%2Fcomments&post=54930"}],"version-history":[{"count":1,"href":"https:\/\/www.egemtv.com\/index.php?rest_route=\/wp\/v2\/posts\/54930\/revisions"}],"predecessor-version":[{"id":54932,"href":"https:\/\/www.egemtv.com\/index.php?rest_route=\/wp\/v2\/posts\/54930\/revisions\/54932"}],"wp:featuredmedia":[{"embeddable":true,"href":"https:\/\/www.egemtv.com\/index.php?rest_route=\/wp\/v2\/media\/54931"}],"wp:attachment":[{"href":"https:\/\/www.egemtv.com\/index.php?rest_route=%2Fwp%2Fv2%2Fmedia&parent=54930"}],"wp:term":[{"taxonomy":"category","embeddable":true,"href":"https:\/\/www.egemtv.com\/index.php?rest_route=%2Fwp%2Fv2%2Fcategories&post=54930"},{"taxonomy":"post_tag","embeddable":true,"href":"https:\/\/www.egemtv.com\/index.php?rest_route=%2Fwp%2Fv2%2Ftags&post=54930"}],"curies":[{"name":"wp","href":"https:\/\/api.w.org\/{rel}","templated":true}]}}