{"id":54927,"date":"2025-09-15T11:14:44","date_gmt":"2025-09-15T08:14:44","guid":{"rendered":"https:\/\/www.egemtv.com\/?p=54927"},"modified":"2025-09-15T11:14:45","modified_gmt":"2025-09-15T08:14:45","slug":"ahsap-evde-tandirdan-sicrayan-kivilcimlar-yangin-cikartti","status":"publish","type":"post","link":"https:\/\/www.egemtv.com\/?p=54927","title":{"rendered":"Ah\u015fap evde tand\u0131rdan s\u0131\u00e7rayan k\u0131v\u0131lc\u0131mlar yang\u0131n \u00e7\u0131kartt\u0131"},"content":{"rendered":"<p>Isparta\u2019n\u0131n Yalva\u00e7 il\u00e7esinde iki katl\u0131 ah\u015fap evde \u00e7\u0131kan yang\u0131nda alevlere m\u00fcdahale etmek isteyen ev sahibi ve e\u015fi yaraland\u0131. Yang\u0131n itfaiye ekiplerinin m\u00fcdahalesiyle k\u0131sa s\u00fcrede s\u00f6nd\u00fcr\u00fcld\u00fc.<br \/>\n<br \/>Isparta\u2019n\u0131n Yalva\u00e7 il\u00e7esi Ka\u015fcami Mahallesi \u0130lke Sokak\u2019ta iki katl\u0131 ah\u015fap evde d\u00fcn saat 19.00 s\u0131ralar\u0131nda yang\u0131n \u00e7\u0131kt\u0131. Edinilen bilgilere g\u00f6re yang\u0131n, evin arka avlusunda bulunan tand\u0131rdan s\u0131\u00e7rayan k\u0131v\u0131lc\u0131mlar\u0131n yakacaklar\u0131 tutu\u015fturmas\u0131 sonucu meydana geldi. \u0130hbar \u00fczerine olay yerine itfaiye, ambulans ve polis ekipleri sevk edildi. Ev sahibi Nurettin \u00c7., yang\u0131na m\u00fcdahale etti\u011fi esnada y\u00fcz\u00fcnde ve kolunda olu\u015fan yan\u0131klar nedeniyle yaralan\u0131rken, e\u015fi Fadime \u00c7. ise dumandan etkilenerek fenala\u015ft\u0131. Yang\u0131n, itfaiye ekipleri taraf\u0131ndan k\u0131sa s\u00fcrede kontrol alt\u0131na al\u0131narak s\u00f6nd\u00fcr\u00fcld\u00fc. Yaral\u0131lar, olay yerinde yap\u0131lan ilk m\u00fcdahalenin ard\u0131ndan ambulansla Yalva\u00e7 Devlet Hastanesi\u2019ne kald\u0131r\u0131ld\u0131.<br \/>\n<br \/>Olayla ilgili inceleme ba\u015flat\u0131ld\u0131.<br \/><\/p>\n","protected":false},"excerpt":{"rendered":"<p>Isparta\u2019n\u0131n Yalva\u00e7 il\u00e7esinde iki katl\u0131 ah\u015fap evde \u00e7\u0131kan yang\u0131nda alevlere m\u00fcdahale etmek isteyen ev sahibi ve e\u015fi yaraland\u0131. Yang\u0131n itfaiye ekiplerinin m\u00fcdahalesiyle k\u0131sa s\u00fcrede s\u00f6nd\u00fcr\u00fcld\u00fc. Isparta\u2019n\u0131n Yalva\u00e7 il\u00e7esi Ka\u015fcami Mahallesi \u0130lke Sokak\u2019ta iki katl\u0131 ah\u015fap evde d\u00fcn saat 19.00 s\u0131ralar\u0131nda yang\u0131n \u00e7\u0131kt\u0131. Edinilen bilgilere g\u00f6re yang\u0131n, evin arka avlusunda bulunan tand\u0131rdan s\u0131\u00e7rayan k\u0131v\u0131lc\u0131mlar\u0131n yakacaklar\u0131 tutu\u015fturmas\u0131&#8230;<\/p>\n","protected":false},"author":1,"featured_media":54928,"comment_status":"open","ping_status":"open","sticky":false,"template":"","format":"standard","meta":{"_crdt_document":"","footnotes":""},"categories":[5],"tags":[],"class_list":["post-54927","post","type-post","status-publish","format-standard","has-post-thumbnail","hentry","category-asayis"],"_links":{"self":[{"href":"https:\/\/www.egemtv.com\/index.php?rest_route=\/wp\/v2\/posts\/54927","targetHints":{"allow":["GET"]}}],"collection":[{"href":"https:\/\/www.egemtv.com\/index.php?rest_route=\/wp\/v2\/posts"}],"about":[{"href":"https:\/\/www.egemtv.com\/index.php?rest_route=\/wp\/v2\/types\/post"}],"author":[{"embeddable":true,"href":"https:\/\/www.egemtv.com\/index.php?rest_route=\/wp\/v2\/users\/1"}],"replies":[{"embeddable":true,"href":"https:\/\/www.egemtv.com\/index.php?rest_route=%2Fwp%2Fv2%2Fcomments&post=54927"}],"version-history":[{"count":1,"href":"https:\/\/www.egemtv.com\/index.php?rest_route=\/wp\/v2\/posts\/54927\/revisions"}],"predecessor-version":[{"id":54929,"href":"https:\/\/www.egemtv.com\/index.php?rest_route=\/wp\/v2\/posts\/54927\/revisions\/54929"}],"wp:featuredmedia":[{"embeddable":true,"href":"https:\/\/www.egemtv.com\/index.php?rest_route=\/wp\/v2\/media\/54928"}],"wp:attachment":[{"href":"https:\/\/www.egemtv.com\/index.php?rest_route=%2Fwp%2Fv2%2Fmedia&parent=54927"}],"wp:term":[{"taxonomy":"category","embeddable":true,"href":"https:\/\/www.egemtv.com\/index.php?rest_route=%2Fwp%2Fv2%2Fcategories&post=54927"},{"taxonomy":"post_tag","embeddable":true,"href":"https:\/\/www.egemtv.com\/index.php?rest_route=%2Fwp%2Fv2%2Ftags&post=54927"}],"curies":[{"name":"wp","href":"https:\/\/api.w.org\/{rel}","templated":true}]}}