{"id":5484,"date":"2025-01-09T10:21:43","date_gmt":"2025-01-09T07:21:43","guid":{"rendered":"https:\/\/www.egemtv.com\/?p=5484"},"modified":"2025-01-09T10:21:51","modified_gmt":"2025-01-09T07:21:51","slug":"msb-son-bir-haftada-94-terorist-etkisiz-hale-getirildi","status":"publish","type":"post","link":"https:\/\/www.egemtv.com\/?p=5484","title":{"rendered":"MSB: &#8220;Son bir haftada 94 ter\u00f6rist etkisiz hale getirildi&#8221;"},"content":{"rendered":"<p>Milli Savunma Bakanl\u0131\u011f\u0131, son bir haftada Irak ve Suriye\u2019nin kuzeyi dahil 94 ter\u00f6ristin etkisiz hale getirildi\u011fini duyurdu.<br \/>\n<br \/>Milli Savunma Bakanl\u0131\u011f\u0131 taraf\u0131ndan haftal\u0131k bilgilendirme toplant\u0131s\u0131, &#8220;Mavi Vatan-2025 Tatbikat\u0131&#8221; \u00e7er\u00e7evesinde Mu\u011fla\u2019n\u0131n Marmaris il\u00e7esindeki Aksaz Deniz \u00dcs Komutanl\u0131\u011f\u0131\u2019nda TCG Salihreis gemisinde ger\u00e7ekle\u015ftirildi. Bas\u0131n toplant\u0131s\u0131nda konu\u015fan Milli Savunma Bakanl\u0131\u011f\u0131 Bas\u0131n Halkla \u0130li\u015fkiler M\u00fc\u015faviri Tu\u011famiral Zeki Akt\u00fcrk, g\u00fcndeme dair son geli\u015fmeleri aktard\u0131.<\/p>\n<p>Mavi Vatan-2025\u2019te 20 bin personel yer al\u0131yor<br \/>\n<br \/>Her ge\u00e7en y\u0131l artan tatbikatlarla T\u00fcrk Silahl\u0131 Kuvvetleri\u2019nin karada, denizde, havada ve siber alandaki etkinlik ve cayd\u0131r\u0131c\u0131l\u0131\u011f\u0131n\u0131n da artt\u0131\u011f\u0131na dikkati \u00e7eken Tu\u011famiral Akt\u00fcrk, \u201cBu kapsamda Mavi Vatan-2025 Tatbikat\u0131; Deniz Kuvvetlerimizin harek\u00e2t\u0131 sevk ve idare etkinli\u011finin de\u011ferlendirilmesi, tatbikata kat\u0131lan unsurlar\u0131n \u00e7ok tehditli ortamda muhakeme, \u00f6ng\u00f6r\u00fc ve karar verme yeteneklerinin geli\u015ftirilmesi, di\u011fer kuvvet komutanl\u0131klar\u0131 ile birlikte \u00e7al\u0131\u015fabilirlik usullerinin denenmesi amac\u0131yla 7-16 Ocak tarihleri aras\u0131nda Karadeniz, Ege Denizi ve Akdeniz\u2019de ger\u00e7ekle\u015ftirilmektedir. Tatbikat kapsam\u0131nda harek\u00e2ta haz\u0131rl\u0131k e\u011fitimleri, Se\u00e7kin G\u00f6zlemci G\u00fcn\u00fc faaliyetleri, liman ziyaretleri, lojistik b\u00fct\u00fcnleme faaliyetleri, fiili silah e\u011fitimleri ile \u00e7ok tehditli ortamda harek\u00e2t e\u011fitimleri icra edilmektedir. Tatbikatta Deniz Kuvvetlerimizin yan\u0131 s\u0131ra Kara ve Hava Kuvvetlerimiz ile Sahil G\u00fcvenlik Komutanl\u0131\u011f\u0131ndan toplam 90 gemi, 50 hava arac\u0131 ve 20 bin personel yer almaktad\u0131r. Yine Barbaros S\u0131n\u0131f\u0131 F\u0131rkateyn Yar\u0131 \u00d6m\u00fcr Modernizasyon Projesi kapsam\u0131nda modernize edilen ilk gemimiz TCG Oru\u00e7reis de tatbikata kat\u0131lmaktad\u0131r. Mavi Vatan Tatbikat\u0131 kapsam\u0131nda 10-11 Ocak tarihlerinde 59 gemi ile Karadeniz, Ege Denizi, Do\u011fu Akdeniz ve Kuzey K\u0131br\u0131s T\u00fcrk Cumhuriyeti\u2019nde 22 liman ziyareti icra edilecektir. Ayr\u0131ca 11 Ocak\u2019ta T\u00fcrkiye ve Pakistan Deniz Kuvvetleri aras\u0131nda m\u00fc\u015fterek \u00e7al\u0131\u015fabilirli\u011fi sa\u011flamak ve i\u015f birli\u011fini geli\u015ftirmek amac\u0131yla Do\u011fu Akdeniz\u2019de Turgutreis-11 Tatbikat\u0131 ger\u00e7ekle\u015ftirilecektir\u201d ifadelerini kulland\u0131.<br \/>\n<br \/>Tu\u011famiral Akt\u00fcrk konu\u015fmas\u0131na \u015f\u00f6yle devam etti:<br \/>\n<br \/>\u201c\u00d6te yandan, \u00fclkemizin \u00f6nc\u00fcl\u00fc\u011f\u00fcnde Karadeniz\u2019deki may\u0131n tehlikesine kar\u015f\u0131 olu\u015fturulan ve 6 ayd\u0131r Deniz Kuvvetlerimiz taraf\u0131ndan komuta edilen May\u0131n Kar\u015f\u0131 Tedbirleri Karadeniz G\u00f6rev Grubu\u2019nun (MCM BLACK SEA) komite toplant\u0131s\u0131 ve devir teslim t\u00f6reni 14-16 Ocak tarihleri aras\u0131nda Varna\/Bulgaristan\u2019da icra edilecek, G\u00f6rev Grubu komutas\u0131 6 ay s\u00fcreyle Bulgaristan\u2019a devredilecektir.\u201d<\/p>\n<p>\u201cSon bir haftada 94 ter\u00f6rist etkisiz h\u00e2le getirilmi\u015ftir\u201d<br \/>\n<br \/>Her t\u00fcrl\u00fc tehdit ve tehlikeye kar\u015f\u0131 kesintisiz bir \u015fekilde ve ba\u015far\u0131yla m\u00fccadele edildi\u011fine vurgu yapan Tu\u011famiral Akt\u00fcrk, \u201cPKK\/KCK-PYD\/YPG\/SDG ve DEA\u015e ter\u00f6r \u00f6rg\u00fctleri ba\u015fta olmak \u00fczere bekam\u0131za y\u00f6nelen her t\u00fcrl\u00fc tehdit ve tehlikeye kar\u015f\u0131 kesintisiz bir \u015fekilde ve ba\u015far\u0131yla icra edilen operasyonlarla Irak ve Suriye\u2019nin kuzeyi d\u00e2hil son bir haftada 94 ter\u00f6rist etkisiz h\u00e2le getirilmi\u015ftir. B\u00f6ylece 2024 y\u0131l\u0131 d\u00e2hil etkisiz h\u00e2le getirilen ter\u00f6rist say\u0131s\u0131 3 bin 164\u2019e (Irak\u2019\u0131n kuzeyi bin 519\/ Suriye\u2019nin kuzeyi bin 645) ula\u015fm\u0131\u015ft\u0131r\u201d a\u00e7\u0131klamas\u0131nda bulundu.<br \/>\n<br \/>Tu\u011famiral Akt\u00fcrk, ayr\u0131ca ge\u00e7en hafta b\u00f6l\u00fcc\u00fc ter\u00f6r \u00f6rg\u00fct\u00fcn\u00fcn bar\u0131nma alanlar\u0131ndan ka\u00e7an 4 ter\u00f6ristin daha hudut karakoluna teslim oldu\u011funu bildirdi. Hudut hatt\u0131n\u0131n Cumhuriyet tarihinin en yo\u011fun tedbirleri ile korundu\u011funun alt\u0131n\u0131 \u00e7izen Tu\u011famiral Akt\u00fcrk, \u201cHudutlar\u0131m\u0131zda y\u0131lba\u015f\u0131ndan bug\u00fcne kadar yasa d\u0131\u015f\u0131 yollarla ge\u00e7meye \u00e7al\u0131\u015fan 108 \u015fah\u0131s yakalanm\u0131\u015ft\u0131r. Yakalanan \u015fah\u0131slardan 7\u2019si ter\u00f6r \u00f6rg\u00fct\u00fc mensubudur. 939 \u015fah\u0131s ise hududu ge\u00e7emeden engellenmi\u015ftir\u201d diye konu\u015ftu.<\/p>\n<p>\u201cB\u00f6lgede hi\u00e7bir ter\u00f6r olu\u015fumuna izin vermeyece\u011fimizi bir kez daha vurguluyoruz\u201d<br \/>\n<br \/>Tu\u011famiral Akt\u00fcrk, konu\u015fmas\u0131na \u015f\u00f6yle devam etti:<br \/>\n<br \/>\u201cEn uzun kara s\u0131n\u0131r\u0131na sahip oldu\u011fumuz kom\u015fumuz Suriye\u2019de ortaya \u00e7\u0131kan yeni s\u00fcreci memnuniyetle kar\u015f\u0131lad\u0131\u011f\u0131m\u0131z\u0131, T\u00fcrkiye olarak bug\u00fcne kadar oldu\u011fu gibi bundan sonra da Suriye halk\u0131n\u0131n yan\u0131nda olaca\u011f\u0131m\u0131z\u0131, b\u00f6lgede kal\u0131c\u0131 g\u00fcvenlik ve istikrar\u0131n tesisi i\u00e7in deste\u011fimizi yeni y\u00f6netimle yak\u0131n i\u015f birli\u011fi i\u00e7erisinde ve daha g\u00fc\u00e7l\u00fc bir \u015fekilde s\u00fcrd\u00fcrece\u011fimizi, Suriye\u2019nin savunma ve g\u00fcvenlik kapasitesinin g\u00fc\u00e7lendirilmesine y\u00f6nelik haz\u0131rl\u0131klara devam edece\u011fimizi, b\u00f6lgede hi\u00e7bir ter\u00f6r olu\u015fumuna ve hi\u00e7bir oldu bittiye asla izin vermeyece\u011fimizi bir kez daha vurguluyoruz.\u201d<br \/>\n<br \/>\u0130srail\u2019in sald\u0131r\u0131lar\u0131na ili\u015fkin Tu\u011famiral Akt\u00fcrk, \u201c\u00d6te yandan aylard\u0131r Gazze\u2019de masum sivilleri katleden ve 45 binden fazla Filistinlinin \u00f6l\u00fcm\u00fcne sebep olan \u0130srail, uluslararas\u0131 hukuku ve t\u00fcm insani de\u011ferleri ayaklar alt\u0131na almaya pervas\u0131zca devam etmektedir. Orta Do\u011fu\u2019yu \u015fiddet ve kaosa s\u00fcr\u00fckleyen \u0130srail\u2019in sald\u0131r\u0131lar\u0131n\u0131n durdurulmas\u0131, Gazze\u2019de kal\u0131c\u0131 ate\u015fkes ilan edilmesi ve b\u00f6lgeye insani yard\u0131mlar\u0131n ula\u015ft\u0131r\u0131lmas\u0131 i\u00e7in uluslararas\u0131 toplum \u00fczerine d\u00fc\u015fen sorumlulu\u011fu bir an \u00f6nce yerine getirmelidir. \u0130srail\u2019in L\u00fcbnan\u2019da ilan edilen ate\u015fkese uymas\u0131 ve Suriye\u2019ye m\u00fcdahalede bulunmamas\u0131 b\u00f6lgemizin istikrar\u0131 i\u00e7in \u015fartt\u0131r. 1967 s\u0131n\u0131rlar\u0131 temelinde ba\u015fkenti Do\u011fu Kud\u00fcs olan ba\u011f\u0131ms\u0131z, egemen ve toprak b\u00fct\u00fcnl\u00fc\u011f\u00fcne sahip bir Filistin Devleti\u2019nin kurulmas\u0131n\u0131n olmazsa olmaz oldu\u011funu bir kez daha vurguluyoruz\u201d dedi.<br \/>\n<br \/>Yerli ve milli savunma sanayiinin TSK\u2019n\u0131n imkan ve kabiliyetlerini artt\u0131rd\u0131\u011f\u0131n\u0131 dile getiren Tu\u011famiral Akt\u00fcrk, \u201cTaktik Tekerlekli Ara\u00e7lar Projesi kapsam\u0131nda muayene ve kabul faaliyetleri tamamlanan muhtelif miktarda yerli motorlu (Tuna Motor) Kirpi-2 arac\u0131, yar\u0131n (10 Ocak) d\u00fczenlenecek t\u00f6renle Kara Kuvvetlerimize teslim edilecektir. Ayr\u0131ca Kara Kuvvetleri Komutanl\u0131\u011f\u0131m\u0131zca \u00e7e\u015fitli miktarda T-70 Genel Maksat helikopteri, Dragoneye-2 termal kamera, Z\u0131rhl\u0131 Tanksavar Arac\u0131-UMTAS C\u0130R\u0130T\/Paletli silah sistemi ile modernizasyonu tamamlanan M60T tank\u0131n\u0131n muayene ve kabul faaliyetleri tamamlanm\u0131\u015ft\u0131r\u201d ifadelerini kulland\u0131.<br \/>\n<br \/>Personel ve askeri \u00f6\u011frenci temin faaliyetlerinin planland\u0131\u011f\u0131 \u015fekilde devam etti\u011fini hat\u0131rlatan Tu\u011famiral Akt\u00fcrk, \u201cMilli Savunma Bakanl\u0131\u011f\u0131, Genelkurmay Ba\u015fkanl\u0131\u011f\u0131, Kuvvet Komutanl\u0131klar\u0131 ve Milli Savunma \u00dcniversitesi\u2019ne memur temini ba\u015fvurular\u0131 20 Ocak\u2019a, Milli Savunma \u00dcniversitesi Askeri \u00d6\u011frenci Aday Belirleme S\u0131nav\u0131 ba\u015fvurular\u0131 27 Ocak\u2019a, bug\u00fcn ba\u015flayan Kara Kuvvetleri Komutanl\u0131\u011f\u0131 uzman erba\u015f ve s\u00f6zle\u015fmeli er temini\u2019ba\u015fvurular\u0131 29 Ocak\u2019a kadar yap\u0131labilecektir\u201d \u015feklinde konu\u015ftu.<\/p>\n<p>Yeni bedelli askerlik tutar\u0131 belli oldu<br \/>\n<br \/>Yeni y\u0131lda uygulanacak bedelli askerlik tutar\u0131na ili\u015fkin a\u00e7\u0131klamalarda bulunan Tu\u011famiral Akt\u00fcrk, \u201cDaha \u00f6nce yap\u0131lan d\u00fczenleme ile memur maa\u015f katsay\u0131s\u0131ndaki art\u0131\u015f oran\u0131na sabitlenen bedelli askerlik tutar\u0131, Hazine ve Maliye Bakanl\u0131\u011f\u0131nca 2025 y\u0131l\u0131n\u0131n ilk alt\u0131 ay\u0131 i\u00e7in yay\u0131mlanan \u2018Mali ve Sosyal Haklar Genelgesi\u2019ndeki memur maa\u015f katsay\u0131s\u0131 art\u0131\u015f oran\u0131na g\u00f6re 243 bin 13 lira 44 kuru\u015f olmu\u015f, 7 Ocak\u2019tan itibaren 2025 y\u0131l\u0131 bedelli askerlik m\u00fcracaat i\u015flemleri ba\u015flat\u0131lm\u0131\u015ft\u0131r\u201d dedi.<\/p>\n<p>Suriye\u2019de son durum ve ter\u00f6r \u00f6rg\u00fct\u00fcn\u00fcn Ti\u015fri Baraj\u0131\u2019nda sivilleri kalkan yapmas\u0131<br \/>\n<br \/>Milli Savunma Bakanl\u0131\u011f\u0131 kaynaklar\u0131 ise Suriye\u2019de son durum ve ter\u00f6r \u00f6rg\u00fct\u00fc PKK\/YPG\u2019nin Ti\u015frin Baraj\u0131 \u00e7evresinde masum sivilleri kalkan olarak kullanmas\u0131yla ilgili sorular \u00fczerine \u015funlar\u0131 s\u00f6yledi:<br \/>\n<br \/>\u201cT\u00fcrk Silahl\u0131 Kuvvetleri, ter\u00f6rizme kar\u015f\u0131 k\u00fcresel i\u015f birli\u011fi ve uluslararas\u0131 dayan\u0131\u015fman\u0131n \u00f6nemine inanmakta, bu ba\u011flamda uluslararas\u0131 toplumdan PKK\/YPG\/SDG gibi ter\u00f6r \u00f6rg\u00fctlerinin ter\u00f6rist organizasyonlar olarak tan\u0131nmas\u0131n\u0131 ve ter\u00f6rle m\u00fccadele konusunda daha etkin bir i\u015f birli\u011fi yap\u0131lmas\u0131n\u0131 beklemektedir. TSK, ter\u00f6rist<br \/>\n<br \/>gruplar\u0131n desteklenmemesi gerekti\u011fini ve Suriye\u2019nin toprak b\u00fct\u00fcnl\u00fc\u011f\u00fcne sayg\u0131 g\u00f6sterilmesi gerekti\u011fini her f\u0131rsatta dile getirmektedir. Suriye\u2019de su kaynaklar\u0131, enerji \u00fcretimi ve b\u00f6lgesel g\u00fcvenlik a\u00e7\u0131s\u0131ndan stratejik \u00f6neme sahip bir nokta olan F\u0131rat Nehri \u00fczerindeki Ti\u015frin Baraj\u0131, ter\u00f6r \u00f6rg\u00fct\u00fc PKK\/YPG\/SDG taraf\u0131ndan son savunma hatt\u0131 olarak de\u011ferlendirilmektedir. TSK, Suriye\u2019nin Ti\u015frin Baraj\u0131 b\u00f6lgesinde PKK\/YPG\/SDG ter\u00f6r \u00f6rg\u00fct\u00fc taraf\u0131ndan ger\u00e7ekle\u015ftirilen masum sivilleri canl\u0131 kalkan olarak kullanma giri\u015fimini \u015fiddetle k\u0131namakta ve bu t\u00fcr eylemlerin akla ve mant\u0131\u011fa, uluslararas\u0131 hukuka, insan haklar\u0131na ve insanl\u0131\u011fa ayk\u0131r\u0131 oldu\u011funun alt\u0131n\u0131 \u00e7izmektedir. PKK\/YPG\/SDG\u2019nin Ti\u015frin Baraj\u0131 b\u00f6lgesinde sivilleri canl\u0131 kalkan olarak kullanmas\u0131, hatta aralar\u0131nda sivil giyimli ter\u00f6rist gruplar\u0131 da b\u00f6lgeye sevk etmesi sadece ter\u00f6rist gruplar\u0131n ger\u00e7ekle\u015ftirebilece\u011fi bir hareket olup, insan haklar\u0131 ihlali anlam\u0131na gelmektedir. Bu t\u00fcr eylemler, ter\u00f6r \u00f6rg\u00fctlerinin kendi \u00e7\u0131karlar\u0131 u\u011fruna masum insanlar\u0131n hayatlar\u0131n\u0131 hi\u00e7e sayan ac\u0131mas\u0131z y\u00f6ntemleridir. Kandil zihniyetinin y\u00f6nlendirdi\u011fi bu faaliyet, K\u00fcrt karde\u015flerimizin lehine olmaktan \u00e7ok onlara yeni s\u0131k\u0131nt\u0131lar\u0131 beraberinde getirmektedir. Ter\u00f6r \u00f6rg\u00fctlerinin sivilleri kendi \u00e7\u0131karlar\u0131 u\u011fruna canl\u0131 kalkan olarak kullanmas\u0131, sadece insanl\u0131k d\u0131\u015f\u0131 bir yakla\u015f\u0131m de\u011fil, ayn\u0131 zamanda ter\u00f6r \u00f6rg\u00fctlerinin \u00e7aresizli\u011fini ve ahlaki \u00e7\u00f6k\u00fc\u015f\u00fcn\u00fc de g\u00f6steren bir eylemdir. B\u00f6lgedeki geli\u015fmeler, hem Suriye\u2019nin i\u00e7 g\u00fcvenli\u011fi hem de T\u00fcrkiye\u2019nin s\u0131n\u0131r g\u00fcvenli\u011fi a\u00e7\u0131s\u0131ndan b\u00fcy\u00fck \u00f6nem ta\u015f\u0131maktad\u0131r. TSK; PKK\/YPG\/SDG gibi ter\u00f6r \u00f6rg\u00fctlerinin bu t\u00fcr stratejik altyap\u0131lar\u0131 kullanarak b\u00f6lgedeki istikrar\u0131 bozma \u00e7abalar\u0131n\u0131 engellemeye kararl\u0131d\u0131r. TSK, \u00fclkemizin ve hudutlar\u0131m\u0131z\u0131n g\u00fcvenli\u011fini sa\u011flamak ve \u00fclkemizin hak ve menfaatlerini korumak maksad\u0131yla Suriye\u2019nin toprak b\u00fct\u00fcnl\u00fc\u011f\u00fcne ve halk\u0131n\u0131n bar\u0131\u015f\u00e7\u0131l \u00e7\u00f6z\u00fcm aray\u0131\u015flar\u0131na sayg\u0131 g\u00f6stererek, ter\u00f6rist gruplar\u0131n silah b\u0131rakmamas\u0131 durumunda s\u0131n\u0131r \u00f6tesi operasyonlar\u0131n\u0131 s\u00fcrd\u00fcrme azim ve kararl\u0131l\u0131\u011f\u0131ndad\u0131r. Bu kararl\u0131l\u0131k, uluslararas\u0131 hukuk ve Birle\u015fmi\u015f Milletler Antla\u015fmas\u0131\u2019n\u0131n me\u015fru m\u00fcdafaa hakk\u0131 ilkesi \u00e7er\u00e7evesinde ter\u00f6r \u00f6rg\u00fctlerinin faaliyetlerine son vermek amac\u0131yla b\u00f6lgede bar\u0131\u015f\u0131 tehdit eden t\u00fcm ter\u00f6r unsurlar\u0131 ortadan kald\u0131r\u0131l\u0131ncaya dek s\u00fcrd\u00fcr\u00fclecektir.\u201d<br \/>\n<br \/><img fetchpriority=\"high\" decoding=\"async\" width=\"1280\" height=\"853\" src=\"https:\/\/www.egemtv.com\/wp-content\/uploads\/2025\/01\/msb-son-bir-haftada-94-terorist-etkisiz-hale-getirildi_fffe82b7f0ae.jpg\" class=\"attachment-full size-full not-transparent\" alt=\"\" data-has-transparency=\"false\" data-dominant-color=\"677d89\" style=\"--dominant-color: #677d89\" \/><img decoding=\"async\" width=\"1280\" height=\"853\" src=\"https:\/\/www.egemtv.com\/wp-content\/uploads\/2025\/01\/msb-son-bir-haftada-94-terorist-etkisiz-hale-getirildi_11d761a3376e.jpg\" class=\"attachment-full size-full not-transparent\" alt=\"\" data-has-transparency=\"false\" data-dominant-color=\"687b86\" style=\"--dominant-color: #687b86\" \/><img decoding=\"async\" width=\"1280\" height=\"853\" src=\"https:\/\/www.egemtv.com\/wp-content\/uploads\/2025\/01\/msb-son-bir-haftada-94-terorist-etkisiz-hale-getirildi_510c19fbf502.jpg\" class=\"attachment-full size-full not-transparent\" alt=\"\" data-has-transparency=\"false\" data-dominant-color=\"70808c\" style=\"--dominant-color: #70808c\" \/><img loading=\"lazy\" decoding=\"async\" width=\"1280\" height=\"853\" src=\"https:\/\/www.egemtv.com\/wp-content\/uploads\/2025\/01\/msb-son-bir-haftada-94-terorist-etkisiz-hale-getirildi_bb3c7b808e64.jpg\" class=\"attachment-full size-full not-transparent\" alt=\"\" data-has-transparency=\"false\" data-dominant-color=\"6f8191\" style=\"--dominant-color: #6f8191\" \/><\/p>\n","protected":false},"excerpt":{"rendered":"<p>Milli Savunma Bakanl\u0131\u011f\u0131, son bir haftada Irak ve Suriye\u2019nin kuzeyi dahil 94 ter\u00f6ristin etkisiz hale getirildi\u011fini duyurdu. Milli Savunma Bakanl\u0131\u011f\u0131 taraf\u0131ndan haftal\u0131k bilgilendirme toplant\u0131s\u0131, &#8220;Mavi Vatan-2025 Tatbikat\u0131&#8221; \u00e7er\u00e7evesinde Mu\u011fla\u2019n\u0131n Marmaris il\u00e7esindeki Aksaz Deniz \u00dcs Komutanl\u0131\u011f\u0131\u2019nda TCG Salihreis gemisinde ger\u00e7ekle\u015ftirildi. Bas\u0131n toplant\u0131s\u0131nda konu\u015fan Milli Savunma Bakanl\u0131\u011f\u0131 Bas\u0131n Halkla \u0130li\u015fkiler M\u00fc\u015faviri Tu\u011famiral Zeki Akt\u00fcrk, g\u00fcndeme dair son&#8230;<\/p>\n","protected":false},"author":1,"featured_media":5485,"comment_status":"open","ping_status":"open","sticky":false,"template":"","format":"standard","meta":{"_crdt_document":"","footnotes":""},"categories":[1],"tags":[],"class_list":["post-5484","post","type-post","status-publish","format-standard","has-post-thumbnail","hentry","category-guncel"],"_links":{"self":[{"href":"https:\/\/www.egemtv.com\/index.php?rest_route=\/wp\/v2\/posts\/5484","targetHints":{"allow":["GET"]}}],"collection":[{"href":"https:\/\/www.egemtv.com\/index.php?rest_route=\/wp\/v2\/posts"}],"about":[{"href":"https:\/\/www.egemtv.com\/index.php?rest_route=\/wp\/v2\/types\/post"}],"author":[{"embeddable":true,"href":"https:\/\/www.egemtv.com\/index.php?rest_route=\/wp\/v2\/users\/1"}],"replies":[{"embeddable":true,"href":"https:\/\/www.egemtv.com\/index.php?rest_route=%2Fwp%2Fv2%2Fcomments&post=5484"}],"version-history":[{"count":1,"href":"https:\/\/www.egemtv.com\/index.php?rest_route=\/wp\/v2\/posts\/5484\/revisions"}],"predecessor-version":[{"id":5490,"href":"https:\/\/www.egemtv.com\/index.php?rest_route=\/wp\/v2\/posts\/5484\/revisions\/5490"}],"wp:featuredmedia":[{"embeddable":true,"href":"https:\/\/www.egemtv.com\/index.php?rest_route=\/wp\/v2\/media\/5485"}],"wp:attachment":[{"href":"https:\/\/www.egemtv.com\/index.php?rest_route=%2Fwp%2Fv2%2Fmedia&parent=5484"}],"wp:term":[{"taxonomy":"category","embeddable":true,"href":"https:\/\/www.egemtv.com\/index.php?rest_route=%2Fwp%2Fv2%2Fcategories&post=5484"},{"taxonomy":"post_tag","embeddable":true,"href":"https:\/\/www.egemtv.com\/index.php?rest_route=%2Fwp%2Fv2%2Ftags&post=5484"}],"curies":[{"name":"wp","href":"https:\/\/api.w.org\/{rel}","templated":true}]}}