{"id":54837,"date":"2025-09-14T15:35:54","date_gmt":"2025-09-14T12:35:54","guid":{"rendered":"https:\/\/www.egemtv.com\/?p=54837"},"modified":"2025-09-14T15:35:55","modified_gmt":"2025-09-14T12:35:55","slug":"ters-yonde-giden-arac-faciaya-yol-acti-2-olu","status":"publish","type":"post","link":"https:\/\/www.egemtv.com\/?p=54837","title":{"rendered":"Ters y\u00f6nde giden ara\u00e7 faciaya yol a\u00e7t\u0131: 2 \u00f6l\u00fc"},"content":{"rendered":"<p>Manisa\u2019n\u0131n Akhisar il\u00e7esinde ters y\u00f6nde ilerleyen arac\u0131n kar\u015f\u0131 \u015feritte ilerleyen kamyona \u00e7arpmas\u0131 sonucu 2 ki\u015fi hayat\u0131n\u0131 kaybetti.<br \/>\n<br \/>Kaza, Manisa\u2019n\u0131n Akhisar il\u00e7esi G\u00f6lmarmara karayolu \u00fczerinde meydana geldi. Edinilen bilgiye g\u00f6re ters y\u00f6nde ilerleyen E.\u015e. (35) idaresindeki ara\u00e7, kar\u015f\u0131 y\u00f6nden kendi \u015feridinde ilerleyen D.B. (64) idaresindeki kamyonla \u00e7arp\u0131\u015ft\u0131. \u00c7evredekilerin haber vermesi \u00fczerine olay yerine \u00e7ok say\u0131da ambulans ve jandarma ekibi sevk edildi. Olay yerine gelen ekipler ara\u00e7 s\u00fcr\u00fcc\u00fcs\u00fc E.\u015e. ile yan\u0131nda yolcu olarak bulunan M.A.\u2019n\u0131n (29) hayat\u0131n\u0131 kaybetti\u011fini belirledi. Kazayla ilgili inceleme ba\u015flat\u0131ld\u0131.<br \/><\/p>\n","protected":false},"excerpt":{"rendered":"<p>Manisa\u2019n\u0131n Akhisar il\u00e7esinde ters y\u00f6nde ilerleyen arac\u0131n kar\u015f\u0131 \u015feritte ilerleyen kamyona \u00e7arpmas\u0131 sonucu 2 ki\u015fi hayat\u0131n\u0131 kaybetti. Kaza, Manisa\u2019n\u0131n Akhisar il\u00e7esi G\u00f6lmarmara karayolu \u00fczerinde meydana geldi. Edinilen bilgiye g\u00f6re ters y\u00f6nde ilerleyen E.\u015e. (35) idaresindeki ara\u00e7, kar\u015f\u0131 y\u00f6nden kendi \u015feridinde ilerleyen D.B. (64) idaresindeki kamyonla \u00e7arp\u0131\u015ft\u0131. \u00c7evredekilerin haber vermesi \u00fczerine olay yerine \u00e7ok say\u0131da ambulans&#8230;<\/p>\n","protected":false},"author":1,"featured_media":54838,"comment_status":"open","ping_status":"open","sticky":false,"template":"","format":"standard","meta":{"_crdt_document":"","footnotes":""},"categories":[5],"tags":[],"class_list":["post-54837","post","type-post","status-publish","format-standard","has-post-thumbnail","hentry","category-asayis"],"_links":{"self":[{"href":"https:\/\/www.egemtv.com\/index.php?rest_route=\/wp\/v2\/posts\/54837","targetHints":{"allow":["GET"]}}],"collection":[{"href":"https:\/\/www.egemtv.com\/index.php?rest_route=\/wp\/v2\/posts"}],"about":[{"href":"https:\/\/www.egemtv.com\/index.php?rest_route=\/wp\/v2\/types\/post"}],"author":[{"embeddable":true,"href":"https:\/\/www.egemtv.com\/index.php?rest_route=\/wp\/v2\/users\/1"}],"replies":[{"embeddable":true,"href":"https:\/\/www.egemtv.com\/index.php?rest_route=%2Fwp%2Fv2%2Fcomments&post=54837"}],"version-history":[{"count":1,"href":"https:\/\/www.egemtv.com\/index.php?rest_route=\/wp\/v2\/posts\/54837\/revisions"}],"predecessor-version":[{"id":54839,"href":"https:\/\/www.egemtv.com\/index.php?rest_route=\/wp\/v2\/posts\/54837\/revisions\/54839"}],"wp:featuredmedia":[{"embeddable":true,"href":"https:\/\/www.egemtv.com\/index.php?rest_route=\/wp\/v2\/media\/54838"}],"wp:attachment":[{"href":"https:\/\/www.egemtv.com\/index.php?rest_route=%2Fwp%2Fv2%2Fmedia&parent=54837"}],"wp:term":[{"taxonomy":"category","embeddable":true,"href":"https:\/\/www.egemtv.com\/index.php?rest_route=%2Fwp%2Fv2%2Fcategories&post=54837"},{"taxonomy":"post_tag","embeddable":true,"href":"https:\/\/www.egemtv.com\/index.php?rest_route=%2Fwp%2Fv2%2Ftags&post=54837"}],"curies":[{"name":"wp","href":"https:\/\/api.w.org\/{rel}","templated":true}]}}