{"id":54834,"date":"2025-09-14T15:35:53","date_gmt":"2025-09-14T12:35:53","guid":{"rendered":"https:\/\/www.egemtv.com\/?p=54834"},"modified":"2025-09-14T15:35:54","modified_gmt":"2025-09-14T12:35:54","slug":"kusadasinda-55-yil-hapis-cezasi-bulunan-dolandirici-kiskivrak-yakalandi","status":"publish","type":"post","link":"https:\/\/www.egemtv.com\/?p=54834","title":{"rendered":"Ku\u015fadas\u0131\u2019nda 55 y\u0131l hapis cezas\u0131 bulunan doland\u0131r\u0131c\u0131 k\u0131sk\u0131vrak yakaland\u0131"},"content":{"rendered":"<p>Ayd\u0131n\u2019\u0131n Ku\u015fadas\u0131 il\u00e7esinde doland\u0131r\u0131c\u0131l\u0131k su\u00e7undan aranan \u015fah\u0131s, polis ekiplerince yap\u0131lan operasyonda k\u0131sk\u0131vrak yakaland\u0131.<br \/>\n<br \/>Edinilen bilgiye g\u00f6re, hakk\u0131nda nitelikli doland\u0131r\u0131c\u0131l\u0131k su\u00e7undan 55 y\u0131l kesinle\u015fmi\u015f hapis cezas\u0131 bulunan ve 17 ayr\u0131 dosyadan aranan S.A., Ku\u015fadas\u0131 \u0130l\u00e7e Emniyet M\u00fcd\u00fcrl\u00fc\u011f\u00fc Asayi\u015f B\u00fcro Amirli\u011fi ekiplerince Davutlar\u2019da ger\u00e7ekle\u015ftirilen ba\u015far\u0131l\u0131 operasyonla k\u0131sk\u0131vrak yakaland\u0131. Asayi\u015f B\u00fcro Amirli\u011fi ekiplerinin titiz takibi sonucu yakalanan \u015f\u00fcpheli, emniyetteki i\u015flemlerinin ard\u0131ndan adliyeye sevk edildi. \u00c7\u0131kar\u0131ld\u0131\u011f\u0131 mahkemece tutuklanan S.A., cezaevine g\u00f6nderildi. Ku\u015fadas\u0131\u2019nda huzur ve g\u00fcvenli\u011fi sa\u011flamak amac\u0131yla g\u00f6rev yapan Asayi\u015f B\u00fcro Amirli\u011fi ekiplerinin ba\u015far\u0131l\u0131 \u00e7al\u0131\u015fmalar\u0131, vatanda\u015flar\u0131n da takdirini toplad\u0131.<br \/><\/p>\n","protected":false},"excerpt":{"rendered":"<p>Ayd\u0131n\u2019\u0131n Ku\u015fadas\u0131 il\u00e7esinde doland\u0131r\u0131c\u0131l\u0131k su\u00e7undan aranan \u015fah\u0131s, polis ekiplerince yap\u0131lan operasyonda k\u0131sk\u0131vrak yakaland\u0131. Edinilen bilgiye g\u00f6re, hakk\u0131nda nitelikli doland\u0131r\u0131c\u0131l\u0131k su\u00e7undan 55 y\u0131l kesinle\u015fmi\u015f hapis cezas\u0131 bulunan ve 17 ayr\u0131 dosyadan aranan S.A., Ku\u015fadas\u0131 \u0130l\u00e7e Emniyet M\u00fcd\u00fcrl\u00fc\u011f\u00fc Asayi\u015f B\u00fcro Amirli\u011fi ekiplerince Davutlar\u2019da ger\u00e7ekle\u015ftirilen ba\u015far\u0131l\u0131 operasyonla k\u0131sk\u0131vrak yakaland\u0131. Asayi\u015f B\u00fcro Amirli\u011fi ekiplerinin titiz takibi sonucu yakalanan \u015f\u00fcpheli,&#8230;<\/p>\n","protected":false},"author":1,"featured_media":54835,"comment_status":"open","ping_status":"open","sticky":false,"template":"","format":"standard","meta":{"_crdt_document":"","footnotes":""},"categories":[5],"tags":[],"class_list":["post-54834","post","type-post","status-publish","format-standard","has-post-thumbnail","hentry","category-asayis"],"_links":{"self":[{"href":"https:\/\/www.egemtv.com\/index.php?rest_route=\/wp\/v2\/posts\/54834","targetHints":{"allow":["GET"]}}],"collection":[{"href":"https:\/\/www.egemtv.com\/index.php?rest_route=\/wp\/v2\/posts"}],"about":[{"href":"https:\/\/www.egemtv.com\/index.php?rest_route=\/wp\/v2\/types\/post"}],"author":[{"embeddable":true,"href":"https:\/\/www.egemtv.com\/index.php?rest_route=\/wp\/v2\/users\/1"}],"replies":[{"embeddable":true,"href":"https:\/\/www.egemtv.com\/index.php?rest_route=%2Fwp%2Fv2%2Fcomments&post=54834"}],"version-history":[{"count":1,"href":"https:\/\/www.egemtv.com\/index.php?rest_route=\/wp\/v2\/posts\/54834\/revisions"}],"predecessor-version":[{"id":54836,"href":"https:\/\/www.egemtv.com\/index.php?rest_route=\/wp\/v2\/posts\/54834\/revisions\/54836"}],"wp:featuredmedia":[{"embeddable":true,"href":"https:\/\/www.egemtv.com\/index.php?rest_route=\/wp\/v2\/media\/54835"}],"wp:attachment":[{"href":"https:\/\/www.egemtv.com\/index.php?rest_route=%2Fwp%2Fv2%2Fmedia&parent=54834"}],"wp:term":[{"taxonomy":"category","embeddable":true,"href":"https:\/\/www.egemtv.com\/index.php?rest_route=%2Fwp%2Fv2%2Fcategories&post=54834"},{"taxonomy":"post_tag","embeddable":true,"href":"https:\/\/www.egemtv.com\/index.php?rest_route=%2Fwp%2Fv2%2Ftags&post=54834"}],"curies":[{"name":"wp","href":"https:\/\/api.w.org\/{rel}","templated":true}]}}