{"id":54831,"date":"2025-09-14T15:35:52","date_gmt":"2025-09-14T12:35:52","guid":{"rendered":"https:\/\/www.egemtv.com\/?p=54831"},"modified":"2025-09-14T15:35:53","modified_gmt":"2025-09-14T12:35:53","slug":"bergamada-izsu-krizi-su-bosa-akiyor","status":"publish","type":"post","link":"https:\/\/www.egemtv.com\/?p=54831","title":{"rendered":"Bergama\u2019da \u0130ZSU krizi: Su bo\u015fa ak\u0131yor"},"content":{"rendered":"<p>\u0130zmir\u2019in Bergama il\u00e7esinde \u015febeke hatt\u0131nda meydana gelen patlak nedeniyle 15 g\u00fcnd\u00fcr su bo\u015fa akarken, \u0130ZSU ekiplerinin yapt\u0131\u011f\u0131 \u00f6zensiz tamirat\u0131n ard\u0131ndan ar\u0131zan\u0131n yeniden olu\u015ftu\u011funu belirten vatanda\u015flar duruma tepki g\u00f6sterdi.<br \/>\n<br \/>\u0130zmir genelinde etkisini s\u00fcrd\u00fcren su krizi, kentteki altyap\u0131 sorunlar\u0131 nedeniyle daha da derinle\u015fiyor. \u015eebeke hatt\u0131nda meydana gelen ar\u0131zalar y\u00fcz\u00fcnden bir\u00e7ok mahallede i\u00e7me suyu bo\u015fa ak\u0131yor ve su kay\u0131plar\u0131 ciddi boyutlara ula\u015f\u0131yor. Bu sorunlar\u0131n yerlerden biri olan Bergama il\u00e7esine ba\u011fl\u0131 Maltepe Mahallesi Kahraman Sokak\u2019ta yakla\u015f\u0131k 15 g\u00fcn \u00f6nce meydana gelen su patla\u011f\u0131, halen onar\u0131lmad\u0131\u011f\u0131 i\u00e7in tonlarca suyun bo\u015fa akmas\u0131na neden oluyor. Sorunun \u00e7\u00f6z\u00fcm\u00fc i\u00e7in muhtarl\u0131k taraf\u0131ndan defalarca \u0130zmir Su ve Kanalizasyon \u0130daresi\u2019ne (\u0130ZSU) dilek\u00e7e verilmesine ra\u011fmen \u015febeke hatt\u0131n\u0131n yenilenmedi\u011fi belirtildi. Mahalle sakinleri, uzun s\u00fcredir ayn\u0131 noktada meydana gelen patlaklardan b\u0131kt\u0131klar\u0131n\u0131 dile getirerek, altyap\u0131 hatt\u0131n\u0131n de\u011fi\u015ftirilmemesi nedeniyle borular\u0131n her hafta yeniden patlad\u0131\u011f\u0131n\u0131 kaydetti.<\/p>\n<p>&#8220;\u00dcst\u00fcn k\u00f6r\u00fc tamir yap\u0131l\u0131yor&#8221;<br \/>\n<br \/>\u0130ZSU ekiplerinin yapt\u0131\u011f\u0131 tamiratlar\u0131n ard\u0131ndan ayn\u0131 yerin k\u0131sa s\u00fcre i\u00e7inde yeniden patlad\u0131\u011f\u0131n\u0131 belirten vatanda\u015flar, &#8220;Her defas\u0131nda \u00fcst\u00fcn k\u00f6r\u00fc tamir yap\u0131l\u0131yor. Sa\u011flam bir i\u015f\u00e7ilik yok. \u00c7al\u0131\u015fanlar bu konuda e\u011fitimli de\u011fil. Bu y\u00fczden patlaklar tekrar ediyor&#8221; diyerek tepki g\u00f6sterdi.<br \/><\/p>\n","protected":false},"excerpt":{"rendered":"<p>\u0130zmir\u2019in Bergama il\u00e7esinde \u015febeke hatt\u0131nda meydana gelen patlak nedeniyle 15 g\u00fcnd\u00fcr su bo\u015fa akarken, \u0130ZSU ekiplerinin yapt\u0131\u011f\u0131 \u00f6zensiz tamirat\u0131n ard\u0131ndan ar\u0131zan\u0131n yeniden olu\u015ftu\u011funu belirten vatanda\u015flar duruma tepki g\u00f6sterdi. \u0130zmir genelinde etkisini s\u00fcrd\u00fcren su krizi, kentteki altyap\u0131 sorunlar\u0131 nedeniyle daha da derinle\u015fiyor. \u015eebeke hatt\u0131nda meydana gelen ar\u0131zalar y\u00fcz\u00fcnden bir\u00e7ok mahallede i\u00e7me suyu bo\u015fa ak\u0131yor ve su&#8230;<\/p>\n","protected":false},"author":1,"featured_media":54832,"comment_status":"open","ping_status":"open","sticky":false,"template":"","format":"standard","meta":{"_crdt_document":"","footnotes":""},"categories":[1],"tags":[],"class_list":["post-54831","post","type-post","status-publish","format-standard","has-post-thumbnail","hentry","category-guncel"],"_links":{"self":[{"href":"https:\/\/www.egemtv.com\/index.php?rest_route=\/wp\/v2\/posts\/54831","targetHints":{"allow":["GET"]}}],"collection":[{"href":"https:\/\/www.egemtv.com\/index.php?rest_route=\/wp\/v2\/posts"}],"about":[{"href":"https:\/\/www.egemtv.com\/index.php?rest_route=\/wp\/v2\/types\/post"}],"author":[{"embeddable":true,"href":"https:\/\/www.egemtv.com\/index.php?rest_route=\/wp\/v2\/users\/1"}],"replies":[{"embeddable":true,"href":"https:\/\/www.egemtv.com\/index.php?rest_route=%2Fwp%2Fv2%2Fcomments&post=54831"}],"version-history":[{"count":1,"href":"https:\/\/www.egemtv.com\/index.php?rest_route=\/wp\/v2\/posts\/54831\/revisions"}],"predecessor-version":[{"id":54833,"href":"https:\/\/www.egemtv.com\/index.php?rest_route=\/wp\/v2\/posts\/54831\/revisions\/54833"}],"wp:featuredmedia":[{"embeddable":true,"href":"https:\/\/www.egemtv.com\/index.php?rest_route=\/wp\/v2\/media\/54832"}],"wp:attachment":[{"href":"https:\/\/www.egemtv.com\/index.php?rest_route=%2Fwp%2Fv2%2Fmedia&parent=54831"}],"wp:term":[{"taxonomy":"category","embeddable":true,"href":"https:\/\/www.egemtv.com\/index.php?rest_route=%2Fwp%2Fv2%2Fcategories&post=54831"},{"taxonomy":"post_tag","embeddable":true,"href":"https:\/\/www.egemtv.com\/index.php?rest_route=%2Fwp%2Fv2%2Ftags&post=54831"}],"curies":[{"name":"wp","href":"https:\/\/api.w.org\/{rel}","templated":true}]}}