{"id":54828,"date":"2025-09-14T14:55:34","date_gmt":"2025-09-14T11:55:34","guid":{"rendered":"https:\/\/www.egemtv.com\/?p=54828"},"modified":"2025-09-14T14:55:34","modified_gmt":"2025-09-14T11:55:34","slug":"fethiyede-ev-yangini-korkuttu","status":"publish","type":"post","link":"https:\/\/www.egemtv.com\/?p=54828","title":{"rendered":"Fethiye\u2019de ev yang\u0131n\u0131 korkuttu"},"content":{"rendered":"<p>Mu\u011fla\u2019n\u0131n Fethiye il\u00e7esinde tek katl\u0131 bir evde \u00e7\u0131kan yang\u0131n korkuturken, yang\u0131n, itfaiye ekiplerinin h\u0131zl\u0131 m\u00fcdahalesiyle \u00e7evredeki evlere s\u0131\u00e7ramadan kontrol alt\u0131na al\u0131nd\u0131.<\/p>\n<p>Yang\u0131n Fethiye il\u00e7esi Kesikkap\u0131 Mahallesi 121. Sokak\u2019ta meydana geldi. Edinilen bilgiye g\u00f6re kirac\u0131 olan F.B.\u2019nin ikamet etti\u011fi tek katl\u0131 evde yang\u0131n \u00e7\u0131kt\u0131. Hen\u00fcz belirlenemeyen nedenle ba\u015flayan yang\u0131n k\u0131sa s\u00fcrede evi sararken mahalle sakinleri de b\u00fcy\u00fck panik ya\u015fad\u0131. \u0130hbar \u00fczerine olay yerine Fethiye \u0130tfaiye Grup Amirli\u011fi ekipleri, polis ve sa\u011fl\u0131k ekipleri sevk edildi. \u0130tfaiyenin h\u0131zl\u0131 m\u00fcdahalesi sayesinde alevler, \u00e7evredeki binalara s\u0131\u00e7ramadan kontrol alt\u0131na al\u0131nd\u0131. Yang\u0131nda yaralanan olmad\u0131\u011f\u0131 bildirilirken evde b\u00fcy\u00fck \u00e7apta maddi hasar olu\u015ftu. Polis ekiplerinin geni\u015f g\u00fcvenlik \u00f6nlemi ald\u0131\u011f\u0131 yang\u0131n\u0131n \u00e7\u0131k\u0131\u015f nedenini tespit edilmesi i\u00e7in inceleme ba\u015flat\u0131ld\u0131.<br \/><\/p>\n","protected":false},"excerpt":{"rendered":"<p>Mu\u011fla\u2019n\u0131n Fethiye il\u00e7esinde tek katl\u0131 bir evde \u00e7\u0131kan yang\u0131n korkuturken, yang\u0131n, itfaiye ekiplerinin h\u0131zl\u0131 m\u00fcdahalesiyle \u00e7evredeki evlere s\u0131\u00e7ramadan kontrol alt\u0131na al\u0131nd\u0131. Yang\u0131n Fethiye il\u00e7esi Kesikkap\u0131 Mahallesi 121. Sokak\u2019ta meydana geldi. Edinilen bilgiye g\u00f6re kirac\u0131 olan F.B.\u2019nin ikamet etti\u011fi tek katl\u0131 evde yang\u0131n \u00e7\u0131kt\u0131. Hen\u00fcz belirlenemeyen nedenle ba\u015flayan yang\u0131n k\u0131sa s\u00fcrede evi sararken mahalle sakinleri de&#8230;<\/p>\n","protected":false},"author":1,"featured_media":54829,"comment_status":"open","ping_status":"open","sticky":false,"template":"","format":"standard","meta":{"_crdt_document":"","footnotes":""},"categories":[5],"tags":[],"class_list":["post-54828","post","type-post","status-publish","format-standard","has-post-thumbnail","hentry","category-asayis"],"_links":{"self":[{"href":"https:\/\/www.egemtv.com\/index.php?rest_route=\/wp\/v2\/posts\/54828","targetHints":{"allow":["GET"]}}],"collection":[{"href":"https:\/\/www.egemtv.com\/index.php?rest_route=\/wp\/v2\/posts"}],"about":[{"href":"https:\/\/www.egemtv.com\/index.php?rest_route=\/wp\/v2\/types\/post"}],"author":[{"embeddable":true,"href":"https:\/\/www.egemtv.com\/index.php?rest_route=\/wp\/v2\/users\/1"}],"replies":[{"embeddable":true,"href":"https:\/\/www.egemtv.com\/index.php?rest_route=%2Fwp%2Fv2%2Fcomments&post=54828"}],"version-history":[{"count":1,"href":"https:\/\/www.egemtv.com\/index.php?rest_route=\/wp\/v2\/posts\/54828\/revisions"}],"predecessor-version":[{"id":54830,"href":"https:\/\/www.egemtv.com\/index.php?rest_route=\/wp\/v2\/posts\/54828\/revisions\/54830"}],"wp:featuredmedia":[{"embeddable":true,"href":"https:\/\/www.egemtv.com\/index.php?rest_route=\/wp\/v2\/media\/54829"}],"wp:attachment":[{"href":"https:\/\/www.egemtv.com\/index.php?rest_route=%2Fwp%2Fv2%2Fmedia&parent=54828"}],"wp:term":[{"taxonomy":"category","embeddable":true,"href":"https:\/\/www.egemtv.com\/index.php?rest_route=%2Fwp%2Fv2%2Fcategories&post=54828"},{"taxonomy":"post_tag","embeddable":true,"href":"https:\/\/www.egemtv.com\/index.php?rest_route=%2Fwp%2Fv2%2Ftags&post=54828"}],"curies":[{"name":"wp","href":"https:\/\/api.w.org\/{rel}","templated":true}]}}