{"id":54822,"date":"2025-09-14T14:35:34","date_gmt":"2025-09-14T11:35:34","guid":{"rendered":"https:\/\/www.egemtv.com\/?p=54822"},"modified":"2025-09-14T14:35:35","modified_gmt":"2025-09-14T11:35:35","slug":"karacasuda-festival-alaninda-esnafa-guvenli-ticaret-uyarisi","status":"publish","type":"post","link":"https:\/\/www.egemtv.com\/?p=54822","title":{"rendered":"Karacasu\u2019da festival alan\u0131nda esnafa \u2019G\u00fcvenli Ticaret\u2019 uyar\u0131s\u0131"},"content":{"rendered":"<p>Ayd\u0131n\u2019\u0131n Karacasu il\u00e7esinde d\u00fczenlenen festival alan\u0131nda esnafa sahte para, ta\u011f\u015fi\u015f, ka\u00e7ak\u00e7\u0131l\u0131k ve doland\u0131r\u0131c\u0131l\u0131\u011fa kar\u015f\u0131 uyar\u0131 yap\u0131ld\u0131.<br \/>\n<br \/>Ayd\u0131n\u2019\u0131n Karacasu il\u00e7esinde, Yayk\u0131n Mahallesi\u2019nde d\u00fczenlenen &#8220;2. \u0130ncir Tar\u0131m, K\u00fclt\u00fcr ve Sanat Festivali&#8221; kapsam\u0131nda esnafa bilgilendirme yap\u0131ld\u0131. Karacasu Kaymakaml\u0131\u011f\u0131 koordinesinde sahaya inen \u0130l\u00e7e Jandarma Komutanl\u0131\u011f\u0131 ekipleri, festival alan\u0131nda sat\u0131\u015f yapan esnafa sahte para, ta\u011f\u015fi\u015f \u00fcr\u00fcn al\u0131m-sat\u0131m\u0131, ka\u00e7ak\u00e7\u0131l\u0131k ve doland\u0131r\u0131c\u0131l\u0131k olaylar\u0131na kar\u015f\u0131 uyar\u0131larda bulundu. Yap\u0131lan bilgilendirmede, esnaflar\u0131n bu t\u00fcr olaylara kar\u015f\u0131 dikkatli olmalar\u0131 ve gerekli \u00f6nlemleri almalar\u0131 istendi.<br \/>\n<br \/>Festival s\u00fcresince g\u00fcvenli bir al\u0131\u015fveri\u015f ortam\u0131 sa\u011flanmas\u0131 amac\u0131yla denetimlerin devam edece\u011fi \u00f6\u011frenilirken Karacasu Kaymakaml\u0131\u011f\u0131\u2019ndan yap\u0131lan a\u00e7\u0131klamada &#8220;Karacasu Kaymakaml\u0131\u011f\u0131 \u0130l\u00e7e Jandarma Komutanl\u0131\u011f\u0131 taraf\u0131ndan, Yayk\u0131n Mahallesinde d\u00fczenlenen 2. \u0130ncir Tar\u0131m, K\u00fclt\u00fcr ve Sanat Festivali kapsam\u0131nda festival alan\u0131nda sat\u0131\u015f yapan esnafa sahte para, ta\u011f\u015fi\u015f \u00fcr\u00fcn al\u0131m-sat\u0131m\u0131, ka\u00e7ak\u00e7\u0131l\u0131k ve doland\u0131r\u0131c\u0131l\u0131k olaylar\u0131na kar\u015f\u0131 bilgilendirme yap\u0131ld\u0131&#8221; ifadeleri yer ald\u0131.<br \/><\/p>\n","protected":false},"excerpt":{"rendered":"<p>Ayd\u0131n\u2019\u0131n Karacasu il\u00e7esinde d\u00fczenlenen festival alan\u0131nda esnafa sahte para, ta\u011f\u015fi\u015f, ka\u00e7ak\u00e7\u0131l\u0131k ve doland\u0131r\u0131c\u0131l\u0131\u011fa kar\u015f\u0131 uyar\u0131 yap\u0131ld\u0131. Ayd\u0131n\u2019\u0131n Karacasu il\u00e7esinde, Yayk\u0131n Mahallesi\u2019nde d\u00fczenlenen &#8220;2. \u0130ncir Tar\u0131m, K\u00fclt\u00fcr ve Sanat Festivali&#8221; kapsam\u0131nda esnafa bilgilendirme yap\u0131ld\u0131. Karacasu Kaymakaml\u0131\u011f\u0131 koordinesinde sahaya inen \u0130l\u00e7e Jandarma Komutanl\u0131\u011f\u0131 ekipleri, festival alan\u0131nda sat\u0131\u015f yapan esnafa sahte para, ta\u011f\u015fi\u015f \u00fcr\u00fcn al\u0131m-sat\u0131m\u0131, ka\u00e7ak\u00e7\u0131l\u0131k ve doland\u0131r\u0131c\u0131l\u0131k&#8230;<\/p>\n","protected":false},"author":1,"featured_media":54823,"comment_status":"open","ping_status":"open","sticky":false,"template":"","format":"standard","meta":{"_crdt_document":"","footnotes":""},"categories":[1],"tags":[],"class_list":["post-54822","post","type-post","status-publish","format-standard","has-post-thumbnail","hentry","category-guncel"],"_links":{"self":[{"href":"https:\/\/www.egemtv.com\/index.php?rest_route=\/wp\/v2\/posts\/54822","targetHints":{"allow":["GET"]}}],"collection":[{"href":"https:\/\/www.egemtv.com\/index.php?rest_route=\/wp\/v2\/posts"}],"about":[{"href":"https:\/\/www.egemtv.com\/index.php?rest_route=\/wp\/v2\/types\/post"}],"author":[{"embeddable":true,"href":"https:\/\/www.egemtv.com\/index.php?rest_route=\/wp\/v2\/users\/1"}],"replies":[{"embeddable":true,"href":"https:\/\/www.egemtv.com\/index.php?rest_route=%2Fwp%2Fv2%2Fcomments&post=54822"}],"version-history":[{"count":1,"href":"https:\/\/www.egemtv.com\/index.php?rest_route=\/wp\/v2\/posts\/54822\/revisions"}],"predecessor-version":[{"id":54824,"href":"https:\/\/www.egemtv.com\/index.php?rest_route=\/wp\/v2\/posts\/54822\/revisions\/54824"}],"wp:featuredmedia":[{"embeddable":true,"href":"https:\/\/www.egemtv.com\/index.php?rest_route=\/wp\/v2\/media\/54823"}],"wp:attachment":[{"href":"https:\/\/www.egemtv.com\/index.php?rest_route=%2Fwp%2Fv2%2Fmedia&parent=54822"}],"wp:term":[{"taxonomy":"category","embeddable":true,"href":"https:\/\/www.egemtv.com\/index.php?rest_route=%2Fwp%2Fv2%2Fcategories&post=54822"},{"taxonomy":"post_tag","embeddable":true,"href":"https:\/\/www.egemtv.com\/index.php?rest_route=%2Fwp%2Fv2%2Ftags&post=54822"}],"curies":[{"name":"wp","href":"https:\/\/api.w.org\/{rel}","templated":true}]}}