{"id":54819,"date":"2025-09-14T14:35:34","date_gmt":"2025-09-14T11:35:34","guid":{"rendered":"https:\/\/www.egemtv.com\/?p=54819"},"modified":"2025-09-14T14:35:34","modified_gmt":"2025-09-14T11:35:34","slug":"afyonkarahisarda-muhammed-askerinin-turbesi-63-yili-askindir-yol-ortasinda-duruyor","status":"publish","type":"post","link":"https:\/\/www.egemtv.com\/?p=54819","title":{"rendered":"Afyonkarahisar\u2019da Muhammed Askeri\u2019nin t\u00fcrbesi 63 y\u0131l\u0131 a\u015fk\u0131nd\u0131r yol ortas\u0131nda duruyor"},"content":{"rendered":"<p>Afyonkarahisar\u2019da 63 y\u0131l\u0131 a\u015fk\u0131nd\u0131r yol ortas\u0131nda duran \u2018Askeri Baba\u2019 isimli \u015fair ve filozof G\u00fclabo\u011flu Muhammed Askeri\u2019ye ait t\u00fcrbe g\u00f6renleri hayrete d\u00fc\u015f\u00fcr\u00fcyor. T\u00fcrbenin yol ortas\u0131nda olmas\u0131na ra\u011fmen \u00e7evresinde hi\u00e7bir trafik kazas\u0131 da ya\u015fanmamas\u0131 bir ba\u015fka dikkat \u00e7ekici konu.<br \/>\n<br \/>Aslen K\u00fctahyal\u0131 olan G\u00fclabo\u011flu Muhammed Askeri\u2019nin Afyonkarahisar\u2019a 17.\u2019nci y\u00fczy\u0131lda m\u00fcderris olarak geldi\u011fi biliniyor. Afyonkarahisar\u2019\u0131n k\u00fclt\u00fcr hayat\u0131 bak\u0131m\u0131ndan \u00f6nemli yere sahip oldu\u011fu o d\u00f6nem Muhammed Askeri\u2019nin bug\u00fcnk\u00fc sa\u011fl\u0131k oca\u011f\u0131n\u0131n bulundu\u011fu yerdeki Hisarard\u0131 Medresesi\u2019nde m\u00fcderrislik yapan \u00f6nemli hoca ve \u015fairlerden biri oldu\u011fu da bilinmekte. Muhammed Askeri, uzun y\u0131llar Halveti \u015feyhi olarak g\u00f6rev yapt\u0131. Mutasavv\u0131f divan \u015fairi olan Muhammed Askeri, 4 bin beyitlik divan\u0131nda aruz ve hece \u00f6l\u00e7\u00fcleriyle yazd\u0131\u011f\u0131 \u015fiirlerde dini ve ahlaki konular\u0131 i\u015fledi. Bu arada ayetlerden ve hadislerden faydalanan Muhammed Askeri, 280 civar\u0131ndaki beyitte 59 ayete yer verdi. Muhammed Askeri\u2019nin divan\u0131n\u0131n bir n\u00fcshas\u0131 Afyonkarahisar\u2019da, biri Konya\u2019da ve \u00fc\u00e7\u00fcnc\u00fcs\u00fc \u0130stanbul \u00dcniversitesi kitapl\u0131\u011f\u0131nda bulunuyor. Vefat\u0131n\u0131n ard\u0131ndan Muhammed Askeri\u2019nin bug\u00fcn t\u00fcrbesinin oldu\u011fu yere g\u00f6m\u00fcld\u00fc\u011f\u00fcne inan\u0131l\u0131yor.<\/p>\n<p>&#8220;T\u00fcrbe civar\u0131nda kaza ya da olumsuz olay ya\u015fanmad\u0131&#8221;<br \/>\n<br \/>1978 y\u0131l\u0131nda Hisarard\u0131 Medresesi\u2019nin bak\u0131ms\u0131zl\u0131ktan dolay\u0131 harabeye d\u00f6nmesinin ard\u0131ndan b\u00f6lgeye sa\u011fl\u0131k oca\u011f\u0131 yap\u0131larak vatanda\u015flar\u0131n hizmetine sunuldu. 1960\u2019l\u0131 y\u0131llarda b\u00f6lgede belediye taraf\u0131ndan yap\u0131lan istimlak ile alan imara a\u00e7\u0131larak bug\u00fcnk\u00fc mahalle konumuna geldi. Fakat o tarihten bu yana kutsal say\u0131ld\u0131\u011f\u0131 i\u00e7in t\u00fcrbeye dokunulmad\u0131 ve yol ortas\u0131nda kald\u0131. \u00c7ift \u015feritli yolun ge\u00e7ti\u011fi G\u00f6ksu Caddesi \u00fczerinde bulunan t\u00fcrbeden dolay\u0131 yol bir yerden sonra tek \u015feride d\u00fc\u015f\u00fcyor. Buna ra\u011fmen b\u00f6lgede hi\u00e7 trafik kazas\u0131 ya\u015fanmamas\u0131 ise dikkat \u00e7ekici bir ba\u015fka konu.<br \/>\n<br \/>Mahalle sakinlerinden Ahmet Kaya (66) isimli vatanda\u015f ise t\u00fcrbenin 63 y\u0131ld\u0131r ayn\u0131 yerinde oldu\u011funu ve \u00e7evresinde hi\u00e7 kaza ya da olumsuz bir olay olmad\u0131\u011f\u0131n\u0131 s\u00f6yledi.<br \/><\/p>\n","protected":false},"excerpt":{"rendered":"<p>Afyonkarahisar\u2019da 63 y\u0131l\u0131 a\u015fk\u0131nd\u0131r yol ortas\u0131nda duran \u2018Askeri Baba\u2019 isimli \u015fair ve filozof G\u00fclabo\u011flu Muhammed Askeri\u2019ye ait t\u00fcrbe g\u00f6renleri hayrete d\u00fc\u015f\u00fcr\u00fcyor. T\u00fcrbenin yol ortas\u0131nda olmas\u0131na ra\u011fmen \u00e7evresinde hi\u00e7bir trafik kazas\u0131 da ya\u015fanmamas\u0131 bir ba\u015fka dikkat \u00e7ekici konu. Aslen K\u00fctahyal\u0131 olan G\u00fclabo\u011flu Muhammed Askeri\u2019nin Afyonkarahisar\u2019a 17.\u2019nci y\u00fczy\u0131lda m\u00fcderris olarak geldi\u011fi biliniyor. Afyonkarahisar\u2019\u0131n k\u00fclt\u00fcr hayat\u0131 bak\u0131m\u0131ndan \u00f6nemli&#8230;<\/p>\n","protected":false},"author":1,"featured_media":54820,"comment_status":"open","ping_status":"open","sticky":false,"template":"","format":"standard","meta":{"_crdt_document":"","footnotes":""},"categories":[1],"tags":[],"class_list":["post-54819","post","type-post","status-publish","format-standard","has-post-thumbnail","hentry","category-guncel"],"_links":{"self":[{"href":"https:\/\/www.egemtv.com\/index.php?rest_route=\/wp\/v2\/posts\/54819","targetHints":{"allow":["GET"]}}],"collection":[{"href":"https:\/\/www.egemtv.com\/index.php?rest_route=\/wp\/v2\/posts"}],"about":[{"href":"https:\/\/www.egemtv.com\/index.php?rest_route=\/wp\/v2\/types\/post"}],"author":[{"embeddable":true,"href":"https:\/\/www.egemtv.com\/index.php?rest_route=\/wp\/v2\/users\/1"}],"replies":[{"embeddable":true,"href":"https:\/\/www.egemtv.com\/index.php?rest_route=%2Fwp%2Fv2%2Fcomments&post=54819"}],"version-history":[{"count":1,"href":"https:\/\/www.egemtv.com\/index.php?rest_route=\/wp\/v2\/posts\/54819\/revisions"}],"predecessor-version":[{"id":54821,"href":"https:\/\/www.egemtv.com\/index.php?rest_route=\/wp\/v2\/posts\/54819\/revisions\/54821"}],"wp:featuredmedia":[{"embeddable":true,"href":"https:\/\/www.egemtv.com\/index.php?rest_route=\/wp\/v2\/media\/54820"}],"wp:attachment":[{"href":"https:\/\/www.egemtv.com\/index.php?rest_route=%2Fwp%2Fv2%2Fmedia&parent=54819"}],"wp:term":[{"taxonomy":"category","embeddable":true,"href":"https:\/\/www.egemtv.com\/index.php?rest_route=%2Fwp%2Fv2%2Fcategories&post=54819"},{"taxonomy":"post_tag","embeddable":true,"href":"https:\/\/www.egemtv.com\/index.php?rest_route=%2Fwp%2Fv2%2Ftags&post=54819"}],"curies":[{"name":"wp","href":"https:\/\/api.w.org\/{rel}","templated":true}]}}