{"id":54816,"date":"2025-09-14T14:14:42","date_gmt":"2025-09-14T11:14:42","guid":{"rendered":"https:\/\/www.egemtv.com\/?p=54816"},"modified":"2025-09-14T14:14:43","modified_gmt":"2025-09-14T11:14:43","slug":"prof-dr-cagirgan-sadece-bir-tup-kan-ile-umut-olabilirsiniz","status":"publish","type":"post","link":"https:\/\/www.egemtv.com\/?p=54816","title":{"rendered":"Prof. Dr. \u00c7a\u011f\u0131rgan: &#8220;Sadece bir t\u00fcp kan ile umut olabilirsiniz&#8221;"},"content":{"rendered":"<p>Prof. Dr. Se\u00e7kin \u00c7a\u011f\u0131rgan, lenfomalar\u0131n erken tan\u0131 ve uygun tedavilerle tamamen iyile\u015febilece\u011fini vurgulad\u0131. K\u00f6k h\u00fccre naklinde uyumlu don\u00f6rlerin hayati \u00f6nem ta\u015f\u0131d\u0131\u011f\u0131n\u0131 belirterek g\u00f6n\u00fcll\u00fc ba\u011f\u0131\u015f\u00e7\u0131lara \u00e7a\u011fr\u0131da bulundu.<br \/>\n<br \/>\u0130zmir Ekonomi \u00dcniversitesi Medical Point Hastanesi Hematoloji, Klinik Ara\u015ft\u0131rmalar Kemik \u0130li\u011fi Nakil Merkezi hocalar\u0131ndan Prof. Dr. Se\u00e7kin \u00c7a\u011f\u0131rgan, D\u00fcnya Lenfoma Fark\u0131ndal\u0131k G\u00fcn\u00fc kapsam\u0131nda \u00f6nemli a\u00e7\u0131klamalarda bulundu. Prof. Dr. \u00c7a\u011f\u0131rgan, lenfomalar\u0131n ba\u011f\u0131\u015f\u0131kl\u0131k sisteminden k\u00f6ken alan kanser t\u00fcrleri oldu\u011funu ve g\u00fcn\u00fcm\u00fczde tedavi edilebilir hastal\u0131klar aras\u0131nda yer ald\u0131\u011f\u0131n\u0131 vurgulad\u0131.<br \/>\n<br \/>Lenfomalar\u0131n her ya\u015f grubunda g\u00f6r\u00fclebildi\u011fini belirten Prof. Dr. \u00c7a\u011f\u0131rgan, lenf bezlerinin \u015fi\u015fmesiyle kendini g\u00f6sterdi\u011fini ancak karaci\u011fer, dalak, kemik ili\u011fi ve beyin gibi i\u00e7 organlarda da ortaya \u00e7\u0131kabilece\u011fini s\u00f6yledi. \u00c7a\u011f\u0131rgan, lenfoma tan\u0131s\u0131 i\u00e7in sadece lenf bezi b\u00fcy\u00fcmesi gerekmedi\u011fini, ayn\u0131 zamanda a\u015f\u0131r\u0131 gece terlemeleri, ate\u015f, i\u015ftahs\u0131zl\u0131k, kilo kayb\u0131 ve halsizlik gibi belirtilerin de \u00f6nemli oldu\u011funu ifade etti.<\/p>\n<p>Tedavi edilebilir<br \/>\n<br \/>Lenfomalar\u0131n tek bir hastal\u0131k olmad\u0131\u011f\u0131n\u0131, Hodgkin ve Non-Hodgkin olmak \u00fczere iki ana gruba ayr\u0131ld\u0131\u011f\u0131n\u0131 anlatan Prof. Dr. \u00c7a\u011f\u0131rgan, Non-Hodgkin lenfomalar\u0131n ise 50\u2019den fazla alt tipinin bulundu\u011funu belirtti. Prof. Dr. \u00c7a\u011f\u0131rgan, d\u00fc\u015f\u00fck dereceli (yava\u015f ilerleyen) ve y\u00fcksek dereceli (h\u0131zl\u0131 ilerleyen) lenfomalar\u0131n, hastan\u0131n durumuna ve hastal\u0131\u011f\u0131n tipine g\u00f6re ayarlanacak tedavilerle tamamen iyile\u015ftirilebilece\u011finin alt\u0131n\u0131 \u00e7izdi. Erken tan\u0131n\u0131n tedavi ba\u015far\u0131s\u0131n\u0131 art\u0131rd\u0131\u011f\u0131n\u0131, ancak ileri evrelerde bile tam iyile\u015fmenin hedeflendi\u011fini vurgulad\u0131.<\/p>\n<p>&#8220;Karde\u015fler aras\u0131 uyum y\u00fczde 30&#8221;<br \/>\n<br \/>Kan kanserler, lenfomalar ve kemik ili\u011finden k\u00f6ken alan di\u011fer baz\u0131 kanserler ile aplastik anemi gibi kemik ili\u011fi yetmezli\u011fi hastal\u0131klar\u0131, kal\u0131tsal ba\u011f\u0131\u015f\u0131kl\u0131k yetmezli\u011fi hastal\u0131klar\u0131 gibi ya\u015fam\u0131 tehdit eden bir\u00e7ok hastal\u0131\u011f\u0131n tedavisinde allojenik k\u00f6k h\u00fccre naklinin kritik bir rol oynad\u0131\u011f\u0131n\u0131 s\u00f6yleyen Prof. Dr. \u00c7a\u011f\u0131rgan, ba\u015far\u0131l\u0131 bir nakil i\u00e7in doku gruplar\u0131n\u0131n tam uyumlu olmas\u0131n\u0131n \u015fart oldu\u011funu ifade etti. Karde\u015fler aras\u0131nda uyum ihtimalinin sadece y\u00fczde 30 oldu\u011funu belirten \u00c7a\u011f\u0131rgan, uyumlu don\u00f6r \u00f6neminin alt\u0131n\u0131 \u00e7izdi. Bu noktada g\u00f6n\u00fcll\u00fc ba\u011f\u0131\u015f\u00e7\u0131lar\u0131n hayati bir rol oynad\u0131\u011f\u0131n\u0131 dile getiren Prof. Dr. \u00c7a\u011f\u0131rgan, T\u00fcrkiye\u2019de T\u00fcrkK\u00f6k ve d\u00fcnyadaki di\u011fer kemik ili\u011fi bankalar\u0131na kay\u0131tl\u0131 milyonlarca g\u00f6n\u00fcll\u00fc verici oldu\u011funu belirtti. T\u00fcrkK\u00f6k sayesinde hastalar\u0131n b\u00fcy\u00fck bir k\u0131sm\u0131na uyumlu don\u00f6r bulundu\u011funu ve bu sayede bir\u00e7ok hastan\u0131n sa\u011fl\u0131\u011f\u0131na kavu\u015fabildi\u011fini s\u00f6zlerine ekledi. Prof. Dr. \u00c7a\u011f\u0131rgan, &#8220;Sa\u011fl\u0131kl\u0131 bireyler olarak sizler de sadece bir t\u00fcp kan vererek g\u00f6n\u00fcll\u00fc k\u00f6k h\u00fccre ba\u011f\u0131\u015f\u00e7\u0131s\u0131 olabilirsiniz. Bu basit ad\u0131m, lenfoma gibi ciddi hastal\u0131klarla m\u00fccadele eden hastalar\u0131m\u0131z i\u00e7in ya\u015fama tutunma \u015fans\u0131 ve umut anlam\u0131na geliyor&#8221; diyerek konu\u015fmas\u0131n\u0131 tamamlad\u0131.<br \/><\/p>\n","protected":false},"excerpt":{"rendered":"<p>Prof. Dr. Se\u00e7kin \u00c7a\u011f\u0131rgan, lenfomalar\u0131n erken tan\u0131 ve uygun tedavilerle tamamen iyile\u015febilece\u011fini vurgulad\u0131. K\u00f6k h\u00fccre naklinde uyumlu don\u00f6rlerin hayati \u00f6nem ta\u015f\u0131d\u0131\u011f\u0131n\u0131 belirterek g\u00f6n\u00fcll\u00fc ba\u011f\u0131\u015f\u00e7\u0131lara \u00e7a\u011fr\u0131da bulundu. \u0130zmir Ekonomi \u00dcniversitesi Medical Point Hastanesi Hematoloji, Klinik Ara\u015ft\u0131rmalar Kemik \u0130li\u011fi Nakil Merkezi hocalar\u0131ndan Prof. Dr. Se\u00e7kin \u00c7a\u011f\u0131rgan, D\u00fcnya Lenfoma Fark\u0131ndal\u0131k G\u00fcn\u00fc kapsam\u0131nda \u00f6nemli a\u00e7\u0131klamalarda bulundu. Prof. Dr. \u00c7a\u011f\u0131rgan,&#8230;<\/p>\n","protected":false},"author":1,"featured_media":54817,"comment_status":"open","ping_status":"open","sticky":false,"template":"","format":"standard","meta":{"_crdt_document":"","footnotes":""},"categories":[2],"tags":[],"class_list":["post-54816","post","type-post","status-publish","format-standard","has-post-thumbnail","hentry","category-saglik"],"_links":{"self":[{"href":"https:\/\/www.egemtv.com\/index.php?rest_route=\/wp\/v2\/posts\/54816","targetHints":{"allow":["GET"]}}],"collection":[{"href":"https:\/\/www.egemtv.com\/index.php?rest_route=\/wp\/v2\/posts"}],"about":[{"href":"https:\/\/www.egemtv.com\/index.php?rest_route=\/wp\/v2\/types\/post"}],"author":[{"embeddable":true,"href":"https:\/\/www.egemtv.com\/index.php?rest_route=\/wp\/v2\/users\/1"}],"replies":[{"embeddable":true,"href":"https:\/\/www.egemtv.com\/index.php?rest_route=%2Fwp%2Fv2%2Fcomments&post=54816"}],"version-history":[{"count":1,"href":"https:\/\/www.egemtv.com\/index.php?rest_route=\/wp\/v2\/posts\/54816\/revisions"}],"predecessor-version":[{"id":54818,"href":"https:\/\/www.egemtv.com\/index.php?rest_route=\/wp\/v2\/posts\/54816\/revisions\/54818"}],"wp:featuredmedia":[{"embeddable":true,"href":"https:\/\/www.egemtv.com\/index.php?rest_route=\/wp\/v2\/media\/54817"}],"wp:attachment":[{"href":"https:\/\/www.egemtv.com\/index.php?rest_route=%2Fwp%2Fv2%2Fmedia&parent=54816"}],"wp:term":[{"taxonomy":"category","embeddable":true,"href":"https:\/\/www.egemtv.com\/index.php?rest_route=%2Fwp%2Fv2%2Fcategories&post=54816"},{"taxonomy":"post_tag","embeddable":true,"href":"https:\/\/www.egemtv.com\/index.php?rest_route=%2Fwp%2Fv2%2Ftags&post=54816"}],"curies":[{"name":"wp","href":"https:\/\/api.w.org\/{rel}","templated":true}]}}