{"id":54813,"date":"2025-09-14T13:55:04","date_gmt":"2025-09-14T10:55:04","guid":{"rendered":"https:\/\/www.egemtv.com\/?p=54813"},"modified":"2025-09-14T13:55:06","modified_gmt":"2025-09-14T10:55:06","slug":"altinordu-galibiyetle-tanisamadi","status":"publish","type":"post","link":"https:\/\/www.egemtv.com\/?p=54813","title":{"rendered":"Alt\u0131nordu, galibiyetle tan\u0131\u015famad\u0131"},"content":{"rendered":"<p>Alt\u0131nordu, TFF 2. Lig Beyaz Grup\u2019taki ilk 4 haftada 2 beraberlik, 2 ma\u011flubiyet alarak hen\u00fcz galibiyetle tan\u0131\u015fmay\u0131 ba\u015faramad\u0131.<br \/>\n<br \/>TFF 2. Lig Beyaz Grup ekiplerinden Alt\u0131nordu\u2019da i\u015fler istenildi\u011fi gibi gitmiyor. Sezona k\u00f6t\u00fc bir ba\u015flang\u0131\u00e7 yapan k\u0131rm\u0131z\u0131-lacivertliler, hen\u00fcz galibiyetle tan\u0131\u015fmay\u0131 ba\u015faramad\u0131. \u0130lk hafta m\u00fccadelesinde Erbaaspor\u2019la deplasmanda berabere kalan \u0130zmir ekibi, ikinci hafta \u0130skenderunspor\u2019a, \u00fc\u00e7\u00fcnc\u00fc hafta ise 24 Erzincanspor\u2019a ma\u011flup oldu. D\u00fcn oynanan Adana 01 FK deplasman\u0131ndan 1 puan \u00e7\u0131karan Namet Ate\u015f\u2019in \u00f6\u011frencileri, yine 3 puan alamad\u0131. \u015eu ana kadar toplad\u0131\u011f\u0131 2 puanla d\u00fc\u015fme hatt\u0131nda yer alan Alt\u0131nordu, sezona hayal k\u0131r\u0131kl\u0131\u011f\u0131yla ba\u015flam\u0131\u015f oldu.<br \/>\n<br \/>Gelecek hafta Elaz\u0131\u011fspor\u2019u konuk edecek k\u0131rm\u0131z\u0131-lacivertliler, mutlak galibiyet parolas\u0131yla ma\u00e7a \u00e7\u0131kmaya haz\u0131rlan\u0131yor. Teknik Direkt\u00f6r Namet Ate\u015f\u2019in de oyuncular\u0131 yo\u011fun bir programla haz\u0131rlamas\u0131 bekleniyor.<br \/>\n<br \/>\u00d6te yandan \u0130zmir\u2019in k\u00f6kl\u00fc kul\u00fcplerinden Alt\u0131nordu, yaz d\u00f6neminde bir\u00e7ok \u00f6nemli oyuncusuyla yollar\u0131n\u0131 ay\u0131r\u0131rken, transfer d\u00f6neminin son g\u00fcnlerinde ise 7 takviye ger\u00e7ekle\u015ftirmi\u015fti.<br \/><\/p>\n","protected":false},"excerpt":{"rendered":"<p>Alt\u0131nordu, TFF 2. Lig Beyaz Grup\u2019taki ilk 4 haftada 2 beraberlik, 2 ma\u011flubiyet alarak hen\u00fcz galibiyetle tan\u0131\u015fmay\u0131 ba\u015faramad\u0131. TFF 2. Lig Beyaz Grup ekiplerinden Alt\u0131nordu\u2019da i\u015fler istenildi\u011fi gibi gitmiyor. Sezona k\u00f6t\u00fc bir ba\u015flang\u0131\u00e7 yapan k\u0131rm\u0131z\u0131-lacivertliler, hen\u00fcz galibiyetle tan\u0131\u015fmay\u0131 ba\u015faramad\u0131. \u0130lk hafta m\u00fccadelesinde Erbaaspor\u2019la deplasmanda berabere kalan \u0130zmir ekibi, ikinci hafta \u0130skenderunspor\u2019a, \u00fc\u00e7\u00fcnc\u00fc hafta ise 24&#8230;<\/p>\n","protected":false},"author":1,"featured_media":54814,"comment_status":"open","ping_status":"open","sticky":false,"template":"","format":"standard","meta":{"_crdt_document":"","footnotes":""},"categories":[4],"tags":[],"class_list":["post-54813","post","type-post","status-publish","format-standard","has-post-thumbnail","hentry","category-spor"],"_links":{"self":[{"href":"https:\/\/www.egemtv.com\/index.php?rest_route=\/wp\/v2\/posts\/54813","targetHints":{"allow":["GET"]}}],"collection":[{"href":"https:\/\/www.egemtv.com\/index.php?rest_route=\/wp\/v2\/posts"}],"about":[{"href":"https:\/\/www.egemtv.com\/index.php?rest_route=\/wp\/v2\/types\/post"}],"author":[{"embeddable":true,"href":"https:\/\/www.egemtv.com\/index.php?rest_route=\/wp\/v2\/users\/1"}],"replies":[{"embeddable":true,"href":"https:\/\/www.egemtv.com\/index.php?rest_route=%2Fwp%2Fv2%2Fcomments&post=54813"}],"version-history":[{"count":1,"href":"https:\/\/www.egemtv.com\/index.php?rest_route=\/wp\/v2\/posts\/54813\/revisions"}],"predecessor-version":[{"id":54815,"href":"https:\/\/www.egemtv.com\/index.php?rest_route=\/wp\/v2\/posts\/54813\/revisions\/54815"}],"wp:featuredmedia":[{"embeddable":true,"href":"https:\/\/www.egemtv.com\/index.php?rest_route=\/wp\/v2\/media\/54814"}],"wp:attachment":[{"href":"https:\/\/www.egemtv.com\/index.php?rest_route=%2Fwp%2Fv2%2Fmedia&parent=54813"}],"wp:term":[{"taxonomy":"category","embeddable":true,"href":"https:\/\/www.egemtv.com\/index.php?rest_route=%2Fwp%2Fv2%2Fcategories&post=54813"},{"taxonomy":"post_tag","embeddable":true,"href":"https:\/\/www.egemtv.com\/index.php?rest_route=%2Fwp%2Fv2%2Ftags&post=54813"}],"curies":[{"name":"wp","href":"https:\/\/api.w.org\/{rel}","templated":true}]}}