{"id":54810,"date":"2025-09-14T13:34:43","date_gmt":"2025-09-14T10:34:43","guid":{"rendered":"https:\/\/www.egemtv.com\/?p=54810"},"modified":"2025-09-14T13:34:43","modified_gmt":"2025-09-14T10:34:43","slug":"altay-puanla-tanisti","status":"publish","type":"post","link":"https:\/\/www.egemtv.com\/?p=54810","title":{"rendered":"Altay puanla tan\u0131\u015ft\u0131"},"content":{"rendered":"<p>Altay, TFF 3. Lig 4. Grup 2. haftas\u0131nda Ayval\u0131kg\u00fcc\u00fc Belediyespor\u2019la gols\u00fcz berabere kalarak sezonun ilk puan\u0131n\u0131 ald\u0131.<br \/>\n<br \/>TFF 3. Lig 4. Grup 2. haftas\u0131nda Altay, \u0130zmir\u2019de Ayval\u0131kg\u00fcc\u00fc Belediyespor\u2019la kar\u015f\u0131 kar\u015f\u0131ya geldi. M\u00fcsabaka gols\u00fcz beraberlikle sona erdi ve siyah-beyazl\u0131lar sezonun ilk puan\u0131n\u0131 almay\u0131 ba\u015fard\u0131. Kar\u015f\u0131la\u015fma sonras\u0131nda Altay y\u00f6netimini d\u0131\u015far\u0131dan destekleyen ve ekonomik anlamda tak\u0131m\u0131n sezona ba\u015flamas\u0131n\u0131 sa\u011flayan Sinan Kanl\u0131 a\u00e7\u0131klamalarda bulundu. \u0130lk olarak siyah-beyazl\u0131 taraftarlara destekleri i\u00e7in te\u015fekk\u00fcr eden Kanl\u0131, &#8220;Tak\u0131m\u0131m\u0131z her ge\u00e7en hafta \u00f6nceki haftaya g\u00f6re daha iyi yolda oldu\u011funu g\u00f6steriyor. Uzun sezon \u00f6ncesi \u00e7al\u0131\u015fmalar\u0131, iklim \u015fartlar\u0131, lige adaptasyon s\u00fcre\u00e7leri gibi bir\u00e7ok zorlay\u0131c\u0131 etkeninde bulundu\u011funu g\u00f6z ard\u0131 etmemek gerekti\u011fini d\u00fc\u015f\u00fcn\u00fcyorum. Sezon ba\u015flar\u0131 hemen hemen t\u00fcm tak\u0131mlar i\u00e7in sanc\u0131l\u0131 ge\u00e7ebiliyor. Kaliteli bir ekibe kar\u015f\u0131 m\u00fccadele ettik fakat yakalad\u0131\u011f\u0131m\u0131z f\u0131rsatlar\u0131 sonu\u00e7land\u0131ramay\u0131nca ne yaz\u0131k ki sahadan \u00fcz\u00fcnt\u00fcyle ayr\u0131ld\u0131k. Eminim \u00f6n\u00fcm\u00fczdeki hafta futbolcular\u0131m\u0131z \u00e7abalar\u0131n\u0131 ve performanslar\u0131n\u0131 y\u00fckselterek \u00e7ok istedi\u011fimiz puanlar\u0131 getirecekler. Zorlu bir m\u00fcsabakadan 1 puanla ayr\u0131ld\u0131k. Hafta i\u00e7i her anlamda m\u00fccadelemizi ve azmimizi artt\u0131raca\u011f\u0131z dikkatle \u00e7al\u0131\u015faca\u011f\u0131z&#8221; ifadelerini kulland\u0131.<br \/><\/p>\n","protected":false},"excerpt":{"rendered":"<p>Altay, TFF 3. Lig 4. Grup 2. haftas\u0131nda Ayval\u0131kg\u00fcc\u00fc Belediyespor\u2019la gols\u00fcz berabere kalarak sezonun ilk puan\u0131n\u0131 ald\u0131. TFF 3. Lig 4. Grup 2. haftas\u0131nda Altay, \u0130zmir\u2019de Ayval\u0131kg\u00fcc\u00fc Belediyespor\u2019la kar\u015f\u0131 kar\u015f\u0131ya geldi. M\u00fcsabaka gols\u00fcz beraberlikle sona erdi ve siyah-beyazl\u0131lar sezonun ilk puan\u0131n\u0131 almay\u0131 ba\u015fard\u0131. Kar\u015f\u0131la\u015fma sonras\u0131nda Altay y\u00f6netimini d\u0131\u015far\u0131dan destekleyen ve ekonomik anlamda tak\u0131m\u0131n sezona ba\u015flamas\u0131n\u0131&#8230;<\/p>\n","protected":false},"author":1,"featured_media":54811,"comment_status":"open","ping_status":"open","sticky":false,"template":"","format":"standard","meta":{"_crdt_document":"","footnotes":""},"categories":[4],"tags":[],"class_list":["post-54810","post","type-post","status-publish","format-standard","has-post-thumbnail","hentry","category-spor"],"_links":{"self":[{"href":"https:\/\/www.egemtv.com\/index.php?rest_route=\/wp\/v2\/posts\/54810","targetHints":{"allow":["GET"]}}],"collection":[{"href":"https:\/\/www.egemtv.com\/index.php?rest_route=\/wp\/v2\/posts"}],"about":[{"href":"https:\/\/www.egemtv.com\/index.php?rest_route=\/wp\/v2\/types\/post"}],"author":[{"embeddable":true,"href":"https:\/\/www.egemtv.com\/index.php?rest_route=\/wp\/v2\/users\/1"}],"replies":[{"embeddable":true,"href":"https:\/\/www.egemtv.com\/index.php?rest_route=%2Fwp%2Fv2%2Fcomments&post=54810"}],"version-history":[{"count":1,"href":"https:\/\/www.egemtv.com\/index.php?rest_route=\/wp\/v2\/posts\/54810\/revisions"}],"predecessor-version":[{"id":54812,"href":"https:\/\/www.egemtv.com\/index.php?rest_route=\/wp\/v2\/posts\/54810\/revisions\/54812"}],"wp:featuredmedia":[{"embeddable":true,"href":"https:\/\/www.egemtv.com\/index.php?rest_route=\/wp\/v2\/media\/54811"}],"wp:attachment":[{"href":"https:\/\/www.egemtv.com\/index.php?rest_route=%2Fwp%2Fv2%2Fmedia&parent=54810"}],"wp:term":[{"taxonomy":"category","embeddable":true,"href":"https:\/\/www.egemtv.com\/index.php?rest_route=%2Fwp%2Fv2%2Fcategories&post=54810"},{"taxonomy":"post_tag","embeddable":true,"href":"https:\/\/www.egemtv.com\/index.php?rest_route=%2Fwp%2Fv2%2Ftags&post=54810"}],"curies":[{"name":"wp","href":"https:\/\/api.w.org\/{rel}","templated":true}]}}