{"id":54807,"date":"2025-09-14T13:34:42","date_gmt":"2025-09-14T10:34:42","guid":{"rendered":"https:\/\/www.egemtv.com\/?p=54807"},"modified":"2025-09-14T13:34:43","modified_gmt":"2025-09-14T10:34:43","slug":"binlerce-motosiklet-tutkunu-bodrumda-bulustu","status":"publish","type":"post","link":"https:\/\/www.egemtv.com\/?p=54807","title":{"rendered":"Binlerce motosiklet tutkunu Bodrum\u2019da bulu\u015ftu"},"content":{"rendered":"<p>Mu\u011fla\u2019n\u0131n Bodrum il\u00e7esinde bu y\u0131l 2.\u2019si d\u00fczenlenen Uluslararas\u0131 Bodrum Motofest, \u00fc\u00e7 g\u00fcn boyunca motosiklet tutkunlar\u0131n\u0131 doyas\u0131ya e\u011flendirdi. G\u00fcmbet Dolgu Alan\u0131\u2019nda binlerce ki\u015finin kat\u0131l\u0131m\u0131yla ger\u00e7ekle\u015ftirilen festival, adeta motor sesleriyle inledi.<br \/>\n<br \/>Sabah\u0131n erken saatlerinden gecenin ilerleyen vakitlerine kadar s\u00fcren etkinliklerde, motosiklet tutkunlar\u0131 hem teker yakt\u0131 hem de b\u00fcy\u00fck g\u00f6sterilere imza att\u0131. Festival alan\u0131na kurulan stantlarda motosiklet ekipmanlar\u0131 ve aksesuarlar\u0131 sergilendi, yar\u0131\u015fmalarla heyecan doru\u011fa \u00e7\u0131kt\u0131. Ak\u015fam saatlerinde ise sahneye \u00e7\u0131kan sanat\u00e7\u0131lar konserler verdi. Binlerce ki\u015fi m\u00fczikle birlikte e\u011flenirken, stunt \u015fampiyonu Birkan Polat\u2019\u0131n akrobasi \u015fovlar\u0131 seyircilerden b\u00fcy\u00fck alk\u0131\u015f toplad\u0131. Festivalin en \u00e7ok ilgi g\u00f6ren etkinliklerinden biri olan kortej, Bitez Mahallesi\u2019nden ba\u015flad\u0131. Y\u00fczlerce motosikletli korteje kat\u0131larak Bodrum sokaklar\u0131n\u0131 renklendirdi. Antik Tiyatro, Belediye Meydan\u0131 ve yel de\u011firmenleri g\u00fczergah\u0131nda ilerleyen kortej, yerli ve yabanc\u0131 turistlerden yo\u011fun ilgi g\u00f6rd\u00fc. Motor sesleri ve alk\u0131\u015flar Bodrum semalar\u0131n\u0131 doldurdu.<br \/>\n<br \/>Bodrum Kaymakam\u0131 Ali S\u0131rmal\u0131, etkinlikte eme\u011fi ge\u00e7enlere te\u015fekk\u00fcr ederek, &#8220;Bodrum tarihi ve k\u00fclt\u00fcr\u00fcyle d\u00fcnyan\u0131n g\u00f6zbebe\u011fi. Bu t\u00fcr etkinlikler turizme ve sosyal ya\u015fama b\u00fcy\u00fck katk\u0131 sa\u011fl\u0131yor&#8221; dedi. Bodrum Belediye Ba\u015fkan Yard\u0131mc\u0131s\u0131 Kanat \u00d6zsert, T\u00fcrkiye\u2019nin ve d\u00fcnyan\u0131n farkl\u0131 b\u00f6lgelerinden motosiklet tutkunlar\u0131n\u0131 Bodrum\u2019da a\u011f\u0131rlamaktan gurur duyduklar\u0131n\u0131 belirtti.<br \/>\n<br \/>Organizasyon sorumlusu Selim Turan ise 2 binden fazla motosiklet ve 100\u2019den fazla \u00e7ad\u0131r\u0131n festivalde yer ald\u0131\u011f\u0131n\u0131, Motofest\u2019i \u00f6n\u00fcm\u00fczdeki y\u0131llarda da daha b\u00fcy\u00fck bir co\u015fkuyla s\u00fcrd\u00fcrmek istediklerini s\u00f6yledi. Motofest, bug\u00fcn yap\u0131lacak final etkinlikleriyle sona erecek.<br \/><\/p>\n","protected":false},"excerpt":{"rendered":"<p>Mu\u011fla\u2019n\u0131n Bodrum il\u00e7esinde bu y\u0131l 2.\u2019si d\u00fczenlenen Uluslararas\u0131 Bodrum Motofest, \u00fc\u00e7 g\u00fcn boyunca motosiklet tutkunlar\u0131n\u0131 doyas\u0131ya e\u011flendirdi. G\u00fcmbet Dolgu Alan\u0131\u2019nda binlerce ki\u015finin kat\u0131l\u0131m\u0131yla ger\u00e7ekle\u015ftirilen festival, adeta motor sesleriyle inledi. Sabah\u0131n erken saatlerinden gecenin ilerleyen vakitlerine kadar s\u00fcren etkinliklerde, motosiklet tutkunlar\u0131 hem teker yakt\u0131 hem de b\u00fcy\u00fck g\u00f6sterilere imza att\u0131. Festival alan\u0131na kurulan stantlarda motosiklet ekipmanlar\u0131&#8230;<\/p>\n","protected":false},"author":1,"featured_media":54808,"comment_status":"open","ping_status":"open","sticky":false,"template":"","format":"standard","meta":{"_crdt_document":"","footnotes":""},"categories":[4],"tags":[],"class_list":["post-54807","post","type-post","status-publish","format-standard","has-post-thumbnail","hentry","category-spor"],"_links":{"self":[{"href":"https:\/\/www.egemtv.com\/index.php?rest_route=\/wp\/v2\/posts\/54807","targetHints":{"allow":["GET"]}}],"collection":[{"href":"https:\/\/www.egemtv.com\/index.php?rest_route=\/wp\/v2\/posts"}],"about":[{"href":"https:\/\/www.egemtv.com\/index.php?rest_route=\/wp\/v2\/types\/post"}],"author":[{"embeddable":true,"href":"https:\/\/www.egemtv.com\/index.php?rest_route=\/wp\/v2\/users\/1"}],"replies":[{"embeddable":true,"href":"https:\/\/www.egemtv.com\/index.php?rest_route=%2Fwp%2Fv2%2Fcomments&post=54807"}],"version-history":[{"count":1,"href":"https:\/\/www.egemtv.com\/index.php?rest_route=\/wp\/v2\/posts\/54807\/revisions"}],"predecessor-version":[{"id":54809,"href":"https:\/\/www.egemtv.com\/index.php?rest_route=\/wp\/v2\/posts\/54807\/revisions\/54809"}],"wp:featuredmedia":[{"embeddable":true,"href":"https:\/\/www.egemtv.com\/index.php?rest_route=\/wp\/v2\/media\/54808"}],"wp:attachment":[{"href":"https:\/\/www.egemtv.com\/index.php?rest_route=%2Fwp%2Fv2%2Fmedia&parent=54807"}],"wp:term":[{"taxonomy":"category","embeddable":true,"href":"https:\/\/www.egemtv.com\/index.php?rest_route=%2Fwp%2Fv2%2Fcategories&post=54807"},{"taxonomy":"post_tag","embeddable":true,"href":"https:\/\/www.egemtv.com\/index.php?rest_route=%2Fwp%2Fv2%2Ftags&post=54807"}],"curies":[{"name":"wp","href":"https:\/\/api.w.org\/{rel}","templated":true}]}}