{"id":54804,"date":"2025-09-14T12:55:00","date_gmt":"2025-09-14T09:55:00","guid":{"rendered":"https:\/\/www.egemtv.com\/?p=54804"},"modified":"2025-09-14T12:55:01","modified_gmt":"2025-09-14T09:55:01","slug":"sehit-uzman-cavus-yesilin-salihlideki-baba-ocaginda-helallik-alindi","status":"publish","type":"post","link":"https:\/\/www.egemtv.com\/?p=54804","title":{"rendered":"\u015eehit Uzman \u00c7avu\u015f Ye\u015fil\u2019in Salihli\u2019deki baba oca\u011f\u0131nda helallik al\u0131nd\u0131"},"content":{"rendered":"<p>K\u00fctahya-\u00c7avdarhisar yolunda meydana gelen kazada \u015fehit olan Jandarma Uzman \u00c7avu\u015f Y\u00fccel Ye\u015fil\u2019in (26) naa\u015f\u0131, Manisa\u2019n\u0131n Salihli il\u00e7esindeki baba oca\u011f\u0131nda helallik al\u0131nmas\u0131n\u0131n ard\u0131ndan cenaze t\u00f6reninin yap\u0131laca\u011f\u0131 Kula il\u00e7esine u\u011furland\u0131.<br \/>\n<br \/>K\u00fctahya-\u00c7avdarhisar yolunun 35. kilometresinde yol kontrol\u00fc s\u0131ras\u0131nda kar\u015f\u0131 \u015feritten takla atan otomobilin \u00e7arpmas\u0131 sonucu \u015fehit olan Uzman \u00c7avu\u015f Ye\u015fil\u2019in naa\u015f\u0131, Salihli Devlet Hastanesi morgundan al\u0131n\u0131p G\u00fcne\u015f Mahallesi\u2019ndeki baba oca\u011f\u0131na getirildi. Baba oca\u011f\u0131nda helallik al\u0131nan \u015fehidin cenazesi, dualar\u0131n ard\u0131ndan cenaze t\u00f6reninin yap\u0131laca\u011f\u0131 Kula\u2019n\u0131n Bayram\u015fah Mahallesine u\u011furland\u0131. Aile yak\u0131nlar\u0131 dahil bir\u00e7ok vatanda\u015f\u0131n yo\u011fun kat\u0131l\u0131m g\u00f6sterdi\u011fi t\u00f6rende duygu dolu anlar ya\u015fand\u0131.<br \/>\n<br \/>\u00d6te yandan, \u015fehidin cenazesi, Kula\u2019n\u0131n Bayram\u015fah Mahallesi\u2019nde k\u0131l\u0131nacak cenaze namaz\u0131n\u0131n ard\u0131ndan mahalle mezarl\u0131\u011f\u0131na defnedilecek.<br \/><\/p>\n","protected":false},"excerpt":{"rendered":"<p>K\u00fctahya-\u00c7avdarhisar yolunda meydana gelen kazada \u015fehit olan Jandarma Uzman \u00c7avu\u015f Y\u00fccel Ye\u015fil\u2019in (26) naa\u015f\u0131, Manisa\u2019n\u0131n Salihli il\u00e7esindeki baba oca\u011f\u0131nda helallik al\u0131nmas\u0131n\u0131n ard\u0131ndan cenaze t\u00f6reninin yap\u0131laca\u011f\u0131 Kula il\u00e7esine u\u011furland\u0131. K\u00fctahya-\u00c7avdarhisar yolunun 35. kilometresinde yol kontrol\u00fc s\u0131ras\u0131nda kar\u015f\u0131 \u015feritten takla atan otomobilin \u00e7arpmas\u0131 sonucu \u015fehit olan Uzman \u00c7avu\u015f Ye\u015fil\u2019in naa\u015f\u0131, Salihli Devlet Hastanesi morgundan al\u0131n\u0131p G\u00fcne\u015f Mahallesi\u2019ndeki&#8230;<\/p>\n","protected":false},"author":1,"featured_media":54805,"comment_status":"open","ping_status":"open","sticky":false,"template":"","format":"standard","meta":{"_crdt_document":"","footnotes":""},"categories":[5],"tags":[],"class_list":["post-54804","post","type-post","status-publish","format-standard","has-post-thumbnail","hentry","category-asayis"],"_links":{"self":[{"href":"https:\/\/www.egemtv.com\/index.php?rest_route=\/wp\/v2\/posts\/54804","targetHints":{"allow":["GET"]}}],"collection":[{"href":"https:\/\/www.egemtv.com\/index.php?rest_route=\/wp\/v2\/posts"}],"about":[{"href":"https:\/\/www.egemtv.com\/index.php?rest_route=\/wp\/v2\/types\/post"}],"author":[{"embeddable":true,"href":"https:\/\/www.egemtv.com\/index.php?rest_route=\/wp\/v2\/users\/1"}],"replies":[{"embeddable":true,"href":"https:\/\/www.egemtv.com\/index.php?rest_route=%2Fwp%2Fv2%2Fcomments&post=54804"}],"version-history":[{"count":1,"href":"https:\/\/www.egemtv.com\/index.php?rest_route=\/wp\/v2\/posts\/54804\/revisions"}],"predecessor-version":[{"id":54806,"href":"https:\/\/www.egemtv.com\/index.php?rest_route=\/wp\/v2\/posts\/54804\/revisions\/54806"}],"wp:featuredmedia":[{"embeddable":true,"href":"https:\/\/www.egemtv.com\/index.php?rest_route=\/wp\/v2\/media\/54805"}],"wp:attachment":[{"href":"https:\/\/www.egemtv.com\/index.php?rest_route=%2Fwp%2Fv2%2Fmedia&parent=54804"}],"wp:term":[{"taxonomy":"category","embeddable":true,"href":"https:\/\/www.egemtv.com\/index.php?rest_route=%2Fwp%2Fv2%2Fcategories&post=54804"},{"taxonomy":"post_tag","embeddable":true,"href":"https:\/\/www.egemtv.com\/index.php?rest_route=%2Fwp%2Fv2%2Ftags&post=54804"}],"curies":[{"name":"wp","href":"https:\/\/api.w.org\/{rel}","templated":true}]}}