{"id":54801,"date":"2025-09-14T12:54:59","date_gmt":"2025-09-14T09:54:59","guid":{"rendered":"https:\/\/www.egemtv.com\/?p=54801"},"modified":"2025-09-14T12:55:00","modified_gmt":"2025-09-14T09:55:00","slug":"germencikte-silahli-kavga-2-yarali","status":"publish","type":"post","link":"https:\/\/www.egemtv.com\/?p=54801","title":{"rendered":"Germencik\u2019te silahl\u0131 kavga: 2 yaral\u0131"},"content":{"rendered":"<p>Ayd\u0131n\u2019\u0131n Germencik il\u00e7esine ba\u011fl\u0131 Ne\u015fetiye Mahallesi\u2019nde \u00e7\u0131kan kavgada silahlar\u0131n ate\u015flenmesi sonucu 2 ki\u015fi yaraland\u0131.<\/p>\n<p>Edinilen bilgilere g\u00f6re, iki kom\u015funun \u00e7ocuklar\u0131 aras\u0131nda ba\u015flayan tart\u0131\u015fma k\u0131sa s\u00fcrede ailelerin de dahil olmas\u0131yla b\u00fcy\u00fcd\u00fc. Kavga s\u0131ras\u0131nda 35 ya\u015f\u0131ndaki H.T., kom\u015fusu 45 ya\u015f\u0131ndaki B.\u0130. ile 14 ya\u015f\u0131ndaki k\u0131z\u0131 G.\u0130.\u2019yi silahla vurdu. \u0130hbar \u00fczerine olay yerine jandarma ve sa\u011fl\u0131k ekipleri sevk edildi. Yaral\u0131lar ambulanslarla hastanelere kald\u0131r\u0131l\u0131rken, jandarma mahallede geni\u015f g\u00fcvenlik \u00f6nlemi ald\u0131.<br \/>\n<br \/>Olay\u0131n ard\u0131ndan ka\u00e7an H.T.\u2019nin yakalanmas\u0131 i\u00e7in \u00e7al\u0131\u015fma ba\u015flat\u0131ld\u0131. Olayla ilgili inceleme s\u00fcr\u00fcyor.<br \/><\/p>\n","protected":false},"excerpt":{"rendered":"<p>Ayd\u0131n\u2019\u0131n Germencik il\u00e7esine ba\u011fl\u0131 Ne\u015fetiye Mahallesi\u2019nde \u00e7\u0131kan kavgada silahlar\u0131n ate\u015flenmesi sonucu 2 ki\u015fi yaraland\u0131. Edinilen bilgilere g\u00f6re, iki kom\u015funun \u00e7ocuklar\u0131 aras\u0131nda ba\u015flayan tart\u0131\u015fma k\u0131sa s\u00fcrede ailelerin de dahil olmas\u0131yla b\u00fcy\u00fcd\u00fc. Kavga s\u0131ras\u0131nda 35 ya\u015f\u0131ndaki H.T., kom\u015fusu 45 ya\u015f\u0131ndaki B.\u0130. ile 14 ya\u015f\u0131ndaki k\u0131z\u0131 G.\u0130.\u2019yi silahla vurdu. \u0130hbar \u00fczerine olay yerine jandarma ve sa\u011fl\u0131k ekipleri sevk&#8230;<\/p>\n","protected":false},"author":1,"featured_media":54802,"comment_status":"open","ping_status":"open","sticky":false,"template":"","format":"standard","meta":{"_crdt_document":"","footnotes":""},"categories":[5],"tags":[],"class_list":["post-54801","post","type-post","status-publish","format-standard","has-post-thumbnail","hentry","category-asayis"],"_links":{"self":[{"href":"https:\/\/www.egemtv.com\/index.php?rest_route=\/wp\/v2\/posts\/54801","targetHints":{"allow":["GET"]}}],"collection":[{"href":"https:\/\/www.egemtv.com\/index.php?rest_route=\/wp\/v2\/posts"}],"about":[{"href":"https:\/\/www.egemtv.com\/index.php?rest_route=\/wp\/v2\/types\/post"}],"author":[{"embeddable":true,"href":"https:\/\/www.egemtv.com\/index.php?rest_route=\/wp\/v2\/users\/1"}],"replies":[{"embeddable":true,"href":"https:\/\/www.egemtv.com\/index.php?rest_route=%2Fwp%2Fv2%2Fcomments&post=54801"}],"version-history":[{"count":1,"href":"https:\/\/www.egemtv.com\/index.php?rest_route=\/wp\/v2\/posts\/54801\/revisions"}],"predecessor-version":[{"id":54803,"href":"https:\/\/www.egemtv.com\/index.php?rest_route=\/wp\/v2\/posts\/54801\/revisions\/54803"}],"wp:featuredmedia":[{"embeddable":true,"href":"https:\/\/www.egemtv.com\/index.php?rest_route=\/wp\/v2\/media\/54802"}],"wp:attachment":[{"href":"https:\/\/www.egemtv.com\/index.php?rest_route=%2Fwp%2Fv2%2Fmedia&parent=54801"}],"wp:term":[{"taxonomy":"category","embeddable":true,"href":"https:\/\/www.egemtv.com\/index.php?rest_route=%2Fwp%2Fv2%2Fcategories&post=54801"},{"taxonomy":"post_tag","embeddable":true,"href":"https:\/\/www.egemtv.com\/index.php?rest_route=%2Fwp%2Fv2%2Ftags&post=54801"}],"curies":[{"name":"wp","href":"https:\/\/api.w.org\/{rel}","templated":true}]}}