{"id":54798,"date":"2025-09-14T12:34:46","date_gmt":"2025-09-14T09:34:46","guid":{"rendered":"https:\/\/www.egemtv.com\/?p=54798"},"modified":"2025-09-14T12:34:47","modified_gmt":"2025-09-14T09:34:47","slug":"didimde-geri-itilen-71-duzensiz-gocmen-kurtarildi","status":"publish","type":"post","link":"https:\/\/www.egemtv.com\/?p=54798","title":{"rendered":"Didim\u2019de geri itilen 71 d\u00fczensiz g\u00f6\u00e7men kurtar\u0131ld\u0131"},"content":{"rendered":"<p>Ayd\u0131n\u2019\u0131n Didim il\u00e7esi a\u00e7\u0131klar\u0131nda Yunanistan taraf\u0131ndan geri itilen lastik bot i\u00e7erisindeki 18\u2019i \u00e7ocuk 71 d\u00fczensiz g\u00f6\u00e7men kurtar\u0131ld\u0131.<\/p>\n<p>Ayd\u0131n\u2019\u0131n Didim ve Ku\u015fadas\u0131 a\u00e7\u0131klar\u0131ndan lastik bot veya can sallar\u0131 ile Yunanistan\u2019a ge\u00e7meye \u00e7al\u0131\u015fan d\u00fczensiz g\u00f6\u00e7menlere y\u00f6nelik \u00e7al\u0131\u015fmalar aral\u0131ks\u0131z devam ediyor. Edinilen bilgiye g\u00f6re T\u00fcrk Sahil G\u00fcvenli\u011fi taraf\u0131ndan Didim a\u00e7\u0131klar\u0131nda lastik bot i\u00e7erisinde d\u00fczensiz g\u00f6\u00e7menlerin oldu\u011fu tespit edildi. B\u00f6lgeye sevk edilen ekipler, Yunanistan taraf\u0131ndan T\u00fcrk karasular\u0131na geri itildi\u011fi tespit edilen 18\u2019i \u00e7ocuk toplam 71 d\u00fczensiz g\u00f6\u00e7meni kurtard\u0131. Kurtar\u0131lan d\u00fczensiz g\u00f6\u00e7menler gerekli sa\u011fl\u0131k kontrollerinin ard\u0131ndan Ayd\u0131n D\u00fczensiz G\u00f6\u00e7men \u00d6n Kabul ve Sevk Merkezi\u2019ne (G\u00d6KSEM) teslim edildi.<br \/><\/p>\n","protected":false},"excerpt":{"rendered":"<p>Ayd\u0131n\u2019\u0131n Didim il\u00e7esi a\u00e7\u0131klar\u0131nda Yunanistan taraf\u0131ndan geri itilen lastik bot i\u00e7erisindeki 18\u2019i \u00e7ocuk 71 d\u00fczensiz g\u00f6\u00e7men kurtar\u0131ld\u0131. Ayd\u0131n\u2019\u0131n Didim ve Ku\u015fadas\u0131 a\u00e7\u0131klar\u0131ndan lastik bot veya can sallar\u0131 ile Yunanistan\u2019a ge\u00e7meye \u00e7al\u0131\u015fan d\u00fczensiz g\u00f6\u00e7menlere y\u00f6nelik \u00e7al\u0131\u015fmalar aral\u0131ks\u0131z devam ediyor. Edinilen bilgiye g\u00f6re T\u00fcrk Sahil G\u00fcvenli\u011fi taraf\u0131ndan Didim a\u00e7\u0131klar\u0131nda lastik bot i\u00e7erisinde d\u00fczensiz g\u00f6\u00e7menlerin oldu\u011fu tespit edildi&#8230;.<\/p>\n","protected":false},"author":1,"featured_media":54799,"comment_status":"open","ping_status":"open","sticky":false,"template":"","format":"standard","meta":{"_crdt_document":"","footnotes":""},"categories":[5],"tags":[],"class_list":["post-54798","post","type-post","status-publish","format-standard","has-post-thumbnail","hentry","category-asayis"],"_links":{"self":[{"href":"https:\/\/www.egemtv.com\/index.php?rest_route=\/wp\/v2\/posts\/54798","targetHints":{"allow":["GET"]}}],"collection":[{"href":"https:\/\/www.egemtv.com\/index.php?rest_route=\/wp\/v2\/posts"}],"about":[{"href":"https:\/\/www.egemtv.com\/index.php?rest_route=\/wp\/v2\/types\/post"}],"author":[{"embeddable":true,"href":"https:\/\/www.egemtv.com\/index.php?rest_route=\/wp\/v2\/users\/1"}],"replies":[{"embeddable":true,"href":"https:\/\/www.egemtv.com\/index.php?rest_route=%2Fwp%2Fv2%2Fcomments&post=54798"}],"version-history":[{"count":1,"href":"https:\/\/www.egemtv.com\/index.php?rest_route=\/wp\/v2\/posts\/54798\/revisions"}],"predecessor-version":[{"id":54800,"href":"https:\/\/www.egemtv.com\/index.php?rest_route=\/wp\/v2\/posts\/54798\/revisions\/54800"}],"wp:featuredmedia":[{"embeddable":true,"href":"https:\/\/www.egemtv.com\/index.php?rest_route=\/wp\/v2\/media\/54799"}],"wp:attachment":[{"href":"https:\/\/www.egemtv.com\/index.php?rest_route=%2Fwp%2Fv2%2Fmedia&parent=54798"}],"wp:term":[{"taxonomy":"category","embeddable":true,"href":"https:\/\/www.egemtv.com\/index.php?rest_route=%2Fwp%2Fv2%2Fcategories&post=54798"},{"taxonomy":"post_tag","embeddable":true,"href":"https:\/\/www.egemtv.com\/index.php?rest_route=%2Fwp%2Fv2%2Ftags&post=54798"}],"curies":[{"name":"wp","href":"https:\/\/api.w.org\/{rel}","templated":true}]}}